{"id":45971,"date":"2024-01-26T12:43:00","date_gmt":"2024-01-26T15:43:00","guid":{"rendered":"https:\/\/www.radiopresidenteibanez.cl\/web\/?p=45971"},"modified":"2024-01-26T10:31:06","modified_gmt":"2024-01-26T13:31:06","slug":"sector-salud-magallanes-inicia-preparacion-de-campana-de-invierno-2024-y-refuerza-llamado-para-que-grupos-de-riesgo-se-vacunen-contra-covid-19","status":"publish","type":"post","link":"https:\/\/www.radiopresidenteibanez.cl\/web\/sector-salud-magallanes-inicia-preparacion-de-campana-de-invierno-2024-y-refuerza-llamado-para-que-grupos-de-riesgo-se-vacunen-contra-covid-19\/","title":{"rendered":"SECTOR SALUD MAGALLANES INICIA PREPARACI\u00d3N DE CAMPA\u00d1A DE INVIERNO 2024 Y REFUERZA LLAMADO PARA QUE GRUPOS DE RIESGO SE VACUNEN CONTRA COVID-19"},"content":{"rendered":"\n<p>Esta ma\u00f1ana en el CAE Adulto del Hospital Cl\u00ednico Magallanes se realiz\u00f3 una actividad para reforzar el<br>llamado a vacunarse contra el COVID-19, como parte de las acciones de preparaci\u00f3n que est\u00e1 llevando<br>a cabo el sector salud regional para el pr\u00f3ximo invierno.<br>En la actividad participaron la Seremi de Salud, Francisca Sanfuentes, la Directora del Servicio de Salud,<br>Ver\u00f3nica Y\u00e1\u00f1ez, el Director (S) del Hospital Cl\u00ednico Magallanes, Marcelo Torres, y el Jefe del \u00c1rea Salud<br>de Cormupa, Pedro Jofr\u00e9, quienes en conjunto resaltaron la importancia que los grupos objetivo<br>acudan a recibir esta vacuna, entregando informaci\u00f3n acerca de los puntos de vacunaci\u00f3n en la regi\u00f3n<br>y las coordinaciones que ya comenzaron para estar preparados para la \u00e9poca invernal.<br>La Seremi Francisca Sanfuentes explic\u00f3 que \u201choy estamos reforzando este llamado a todas las<br>personas que est\u00e1n en los grupos priorizados a recibir la vacuna actualizada contra el COVID-19. Si bien<br>estamos en un periodo de menor circulaci\u00f3n viral, nuestro objetivo, y as\u00ed lo estamos trabajando a nivel<br>nacional y en nuestra regi\u00f3n tambi\u00e9n como Ministerio de Salud, es estar preparados para la<br>temporada invernal. Es as\u00ed como en el contexto de las medidas de preparaci\u00f3n de la Campa\u00f1a de<br>Invierno, junto con la planificaci\u00f3n de c\u00f3mo se van a ofrecer los servicios y la red de asistencial, es que<br>tambi\u00e9n queremos que nuestra poblaci\u00f3n y, sobre todo las personas m\u00e1s vulnerables, est\u00e9n<br>protegidas con la vacunas COVID-19, ante un eventual aumento de circulaci\u00f3n viral o que pudieran<br>aparecer nuevas variantes\u201d.<br>Al respecto, la Directora del Servicio de Salud Magallanes, Ver\u00f3nica Y\u00e1\u00f1ez Gonz\u00e1lez, se\u00f1al\u00f3 que el<br>llamado e invitaci\u00f3n a inocularse, es a todos los usuarios de la Red Asistencial que tengan m\u00e1s de 60<br>a\u00f1os, a las personas inmunodeprimidas, con enfermedades cr\u00f3nicas asociadas y a trabajadores de<br>salud. \u201cTodos quienes hayan cumplido a lo menos un a\u00f1o de su \u00faltima vacunaci\u00f3n pueden acceder y<br>las personas inmunodeprimidas pueden acceder previamente a los 6 meses. Tambi\u00e9n recalcar que las<br>embarazadas, tambi\u00e9n deben acceder a la vacunaci\u00f3n COVID-19 como medida preventiva; nos<br>estamos adelantando al invierno, estamos en la planificaci\u00f3n de Campa\u00f1a de Invierno y tal como<br>se\u00f1alaba SEREMI, estamos trabajando para poder dar la mejor cobertura en forma oportuna y no<br>tard\u00eda\u201d, indic\u00f3 la autoridad.<br>Agregando la Gestora de la Red Asistencial que, \u201ctenemos habilitados todos los puntos de vacunaci\u00f3n<br>correspondientes a los establecimientos de salud primaria, que son los 5 CESFAM ac\u00e1 en la comuna,<br>tambi\u00e9n tenemos el CAE Adulto del Hospital Cl\u00ednico, donde nos encontramos, y en Puerto Natales en el<br>CESFAM Dr. Juan Lozic y en los respectivos hospitales de Porvenir y Puerto Williams, esos son los<br>centros que tienen sus vacunatorios abiertos y est\u00e1n a disposici\u00f3n para acceso de la comunidad\u201d,<br>puntualiz\u00f3 Ver\u00f3nica Y\u00e1\u00f1ez.<br>El Jefe del \u00c1rea Salud de Cormupa, Pedro Jofr\u00e9, reiter\u00f3 el llamado a la comunidad al autocuidado y<br>acudir a los diversos puntos de vacunaci\u00f3n con que cuenta APS, indicando que \u201csabemos que el perfil<\/p>\n\n\n\n<p>epidemiol\u00f3gico, las semanas en las cuales suceden estos peaks respiratorios han cambiado respecto a<br>a\u00f1os anteriores, por lo tanto, es importante tener ese reforzamiento en la vacuna\u201d.<br>Las autoridades indicaron que la poblaci\u00f3n puede informarse si le corresponde vacunarse y d\u00f3nde se<br>encuentran los puntos de vacunaci\u00f3n en la p\u00e1gina&nbsp;mevacuno.gob.cl.<\/p>\n","protected":false},"excerpt":{"rendered":"<p>Esta ma\u00f1ana en el CAE Adulto del Hospital Cl\u00ednico Magallanes se realiz\u00f3 una actividad para reforzar elllamado a vacunarse contra el COVID-19, como parte de las acciones de preparaci\u00f3n que&#8230; <a class=\"read-more\" href=\"https:\/\/www.radiopresidenteibanez.cl\/web\/sector-salud-magallanes-inicia-preparacion-de-campana-de-invierno-2024-y-refuerza-llamado-para-que-grupos-de-riesgo-se-vacunen-contra-covid-19\/\">Leer m\u00e1s<\/a><\/p>\n","protected":false},"author":2,"featured_media":45972,"comment_status":"closed","ping_status":"closed","sticky":false,"template":"","format":"standard","meta":{"footnotes":""},"categories":[1],"tags":[],"class_list":["post-45971","post","type-post","status-publish","format-standard","has-post-thumbnail","hentry","category-cronica"],"_links":{"self":[{"href":"https:\/\/www.radiopresidenteibanez.cl\/web\/wp-json\/wp\/v2\/posts\/45971","targetHints":{"allow":["GET"]}}],"collection":[{"href":"https:\/\/www.radiopresidenteibanez.cl\/web\/wp-json\/wp\/v2\/posts"}],"about":[{"href":"https:\/\/www.radiopresidenteibanez.cl\/web\/wp-json\/wp\/v2\/types\/post"}],"author":[{"embeddable":true,"href":"https:\/\/www.radiopresidenteibanez.cl\/web\/wp-json\/wp\/v2\/users\/2"}],"replies":[{"embeddable":true,"href":"https:\/\/www.radiopresidenteibanez.cl\/web\/wp-json\/wp\/v2\/comments?post=45971"}],"version-history":[{"count":0,"href":"https:\/\/www.radiopresidenteibanez.cl\/web\/wp-json\/wp\/v2\/posts\/45971\/revisions"}],"wp:featuredmedia":[{"embeddable":true,"href":"https:\/\/www.radiopresidenteibanez.cl\/web\/wp-json\/wp\/v2\/media\/45972"}],"wp:attachment":[{"href":"https:\/\/www.radiopresidenteibanez.cl\/web\/wp-json\/wp\/v2\/media?parent=45971"}],"wp:term":[{"taxonomy":"category","embeddable":true,"href":"https:\/\/www.radiopresidenteibanez.cl\/web\/wp-json\/wp\/v2\/categories?post=45971"},{"taxonomy":"post_tag","embeddable":true,"href":"https:\/\/www.radiopresidenteibanez.cl\/web\/wp-json\/wp\/v2\/tags?post=45971"}],"curies":[{"name":"wp","href":"https:\/\/api.w.org\/{rel}","templated":true}]}}