{"id":4597,"date":"2019-05-27T12:42:56","date_gmt":"2019-05-27T12:42:56","guid":{"rendered":"http:\/\/www.radiopresidenteibanez.cl\/web\/?p=4597"},"modified":"2019-05-27T12:43:37","modified_gmt":"2019-05-27T12:43:37","slug":"se-va-mayo-por-juan-morano-cornejo","status":"publish","type":"post","link":"https:\/\/www.radiopresidenteibanez.cl\/web\/se-va-mayo-por-juan-morano-cornejo\/","title":{"rendered":"SE VA MAYO POR JUAN MORANO CORNEJO"},"content":{"rendered":"\n<p>\n\nEra mayo de 1974 y el Rector del Liceo de Hombre me indica usted es el profesor jefe m\u00e1s nuevo, est\u00e1 a cargo del homenaje del 21 de Mayo, no sirvieron mis intentos de excusarme, estaba resuelto. Que pod\u00eda decir yo, que era un opositor consciente de lo que ocurr\u00eda en el pa\u00eds, con un Rector delegado en la Universidad y un interventor, en la ahora Seremi de Educaci\u00f3n, ambos marinos. Nunca imagine que Arturo Prat, me rescatar\u00eda.Comenc\u00e9 a buscar antecedentes y datos sobre qui\u00e9n era el motivo esencial de las celebraciones, el Joven Capit\u00e1n Arturo Prat Chac\u00f3n, primer hallazgo, al fallecer apenas ten\u00eda 31 a\u00f1os, este y los datos que fueron aflorando, me hicieron decidir que me centrar\u00eda en el Joven Abogado Arturo Prat Chac\u00f3n, en mi homenaje.&nbsp;Encontr\u00e9 que Prat hab\u00eda sido un ni\u00f1o que perdi\u00f3 a Padre y sus hermanos mayores, que su Madre Rosario Chac\u00f3n, hab\u00eda sido una mujer Jefa de Hogar, debieron mudar su hogar en m\u00e1s de una oportunidad, aprend\u00ed tambi\u00e9n que Arturo Prat, era un hijo de la Educaci\u00f3n P\u00fablica, en la Escuela La Campana de Santiago, donde adem\u00e1s coincidi\u00f3 con Luis Uribe, que junto con Prat ingresa a la Escuela Naval del Estado a los 10 a\u00f1os, con la beca del Presidente de la Rep\u00fablica, en ese entonces don Manuel Montt.&nbsp;M\u00faltiples detalles van surgiendo al preparar esa intervenci\u00f3n dirigida a j\u00f3venes que ten\u00edan entre 13 y 18 a\u00f1os, la edad en que Prat ya se\u00f1alaba su camino futuro, en 1863 al egresar de la Escuela Naval del Estado, ten\u00eda 13 a\u00f1os a los 15 se embarca en la Esmeralda, a los 17, capturan la Covadonga y tiene su primer ascenso a Teniente Segundo.Descubr\u00ed al Arturo Prat maestro, profesor, subdirector, director suplente de la Escuela Naval, realiz\u00f3 diversos cursos, luch\u00f3 contra la falta de recursos del medio para impartir una educaci\u00f3n de calidad, traduciendo por ejemplo textos para ser usados por sus alumnos. sic(*)Entre 1872-76, estudia leyes, para concretar su otro gran anhelo ser Abogado as\u00ed a fines de Julio 1876 rinde su c\u00e9dula en Derecho Romano y logra que aprueben su Tesis sobre \u201cObservaciones a la lei electoral vijente\u201d, donde se\u00f1ala que con ella es posible un avance en la libertad electoral, pero que persisten contradicciones y carencias e indica que \u201ctiene la necesidad de serias e importantes reformas en materia de reglamentaci\u00f3n, si ha de alcanzar el alto objetivo que est\u00e1 a ser destinada: ser garant\u00eda eficaz de que el resultado de las urnas sea la fiel expresi\u00f3n de la voluntad nacional.\u201d **Prat agente en Argentina, se le encomienda la tarea de informar la actitud, la capacidad b\u00e9lica y la situaci\u00f3n real ante un posible conflicto con Chile y Prat se\u00f1ala, que no siendo amigo de la guerra, no puedo sino que advertir que \u00abEn la Rep\u00fablica Argentina nadie duda que ella vendr\u00e1 como \u00fanico medio, a falta de t\u00edtulos, de ense\u00f1orearse de ese desierto llamado la Patagonia&#8230;\u00bb. sic Se\u00f1ala su parecer respecto que no exist\u00eda una gran capacidad b\u00e9lica en la Rep\u00fablica Argentina. Lo relevante y que muestra una vez m\u00e1s el esp\u00edritu de Prat, es que al rendir su misi\u00f3n, devuelve los dineros no gastados $97 de la \u00e9poca, hoy los llamar\u00edamos gastos reservados, vi\u00e1ticos, Prat siendo un ciudadano modesto que ha pasado penuria y estrecheces, que estudia gracias a una beca, sabe que es lo correcto y lo devuelve. Eso visto hoy cuando algunos se niegan a rendir lo gastado o se aprovechan de los recursos de todos para el beneficio personal, nos debe cuestionar fuertemente.<br>Prat sigue siendo un h\u00e9roe, digno de celebrar e imitar.<br>* Vial Correa, Gonzalo, Arturo Prat. Santiago: Editorial Andr\u00e9s Bello<br>** Repositorio Acad\u00e9mico Universidad de Chile.<\/p>\n\n\n\n<p>Arturo Prat Chac\u00f3n, ten\u00eda 31 a\u00f1os al morir, sin embargo en la \u00abimagen\u00bb hist\u00f3rica se presenta a un hombre mucho mayor, tal vez para que parezca Almirante.<\/p>\n\n\n\n<p>La historia que construyen\u00a0 algunos&#8230;. <\/p>\n\n\n\n<figure class=\"wp-block-image\"><img loading=\"lazy\" decoding=\"async\" width=\"730\" height=\"420\" src=\"http:\/\/www.radiopresidenteibanez.cl\/web\/wp-content\/uploads\/2019\/03\/morano-730x420.jpg\" alt=\"\" class=\"wp-image-1768\" srcset=\"https:\/\/www.radiopresidenteibanez.cl\/web\/wp-content\/uploads\/2019\/03\/morano-730x420.jpg 730w, https:\/\/www.radiopresidenteibanez.cl\/web\/wp-content\/uploads\/2019\/03\/morano-730x420-300x173.jpg 300w\" sizes=\"auto, (max-width: 730px) 100vw, 730px\" \/><\/figure>\n","protected":false},"excerpt":{"rendered":"<p>Era mayo de 1974 y el Rector del Liceo de Hombre me indica usted es el profesor jefe m\u00e1s nuevo, est\u00e1 a cargo del homenaje del 21 de Mayo, no&#8230; <a class=\"read-more\" href=\"https:\/\/www.radiopresidenteibanez.cl\/web\/se-va-mayo-por-juan-morano-cornejo\/\">Leer m\u00e1s<\/a><\/p>\n","protected":false},"author":2,"featured_media":1768,"comment_status":"closed","ping_status":"closed","sticky":false,"template":"","format":"standard","meta":{"footnotes":""},"categories":[1],"tags":[],"class_list":["post-4597","post","type-post","status-publish","format-standard","has-post-thumbnail","hentry","category-cronica"],"_links":{"self":[{"href":"https:\/\/www.radiopresidenteibanez.cl\/web\/wp-json\/wp\/v2\/posts\/4597","targetHints":{"allow":["GET"]}}],"collection":[{"href":"https:\/\/www.radiopresidenteibanez.cl\/web\/wp-json\/wp\/v2\/posts"}],"about":[{"href":"https:\/\/www.radiopresidenteibanez.cl\/web\/wp-json\/wp\/v2\/types\/post"}],"author":[{"embeddable":true,"href":"https:\/\/www.radiopresidenteibanez.cl\/web\/wp-json\/wp\/v2\/users\/2"}],"replies":[{"embeddable":true,"href":"https:\/\/www.radiopresidenteibanez.cl\/web\/wp-json\/wp\/v2\/comments?post=4597"}],"version-history":[{"count":0,"href":"https:\/\/www.radiopresidenteibanez.cl\/web\/wp-json\/wp\/v2\/posts\/4597\/revisions"}],"wp:featuredmedia":[{"embeddable":true,"href":"https:\/\/www.radiopresidenteibanez.cl\/web\/wp-json\/wp\/v2\/media\/1768"}],"wp:attachment":[{"href":"https:\/\/www.radiopresidenteibanez.cl\/web\/wp-json\/wp\/v2\/media?parent=4597"}],"wp:term":[{"taxonomy":"category","embeddable":true,"href":"https:\/\/www.radiopresidenteibanez.cl\/web\/wp-json\/wp\/v2\/categories?post=4597"},{"taxonomy":"post_tag","embeddable":true,"href":"https:\/\/www.radiopresidenteibanez.cl\/web\/wp-json\/wp\/v2\/tags?post=4597"}],"curies":[{"name":"wp","href":"https:\/\/api.w.org\/{rel}","templated":true}]}}