{"id":4595,"date":"2019-05-27T12:40:03","date_gmt":"2019-05-27T12:40:03","guid":{"rendered":"http:\/\/www.radiopresidenteibanez.cl\/web\/?p=4595"},"modified":"2019-05-27T12:40:23","modified_gmt":"2019-05-27T12:40:23","slug":"vamos-a-despertar-al-universo-por-ernesto-sepulveda","status":"publish","type":"post","link":"https:\/\/www.radiopresidenteibanez.cl\/web\/vamos-a-despertar-al-universo-por-ernesto-sepulveda\/","title":{"rendered":"VAMOS A DESPERTAR AL UNIVERSO POR ERNESTO SEPULVEDA"},"content":{"rendered":"\n<p>Esta frase, no es de un pol\u00edtico, ni de un l\u00edder medio ambiental, tampoco de un cantante o una estrella de rock. Es de una mujer palestina, que el a\u00f1o 2015 fue canonizada por el papa Francisco.<\/p>\n\n\n\n<p>Es la primera santa de origen palestino. Un hecho que fue recibido en todo el mundo como una importante se\u00f1al pol\u00edtica del Papa, en reconocimiento de estado palestino. Cientos de banderas acompa\u00f1aron en la plaza San Pedro, al l\u00edder de la autoridad nacional palestina Mahmoud Abbas, quien junto a la comunidad \u00e1rabe celebraron este hecho tan significativo.<\/p>\n\n\n\n<p>En los tiempos que vivimos, suena raro hablar de estas cosas. En una sociedad entregada a un exitismo y consumismo sin l\u00edmite, hablar de Dios, de religi\u00f3n, o como en este caso de una mujer palestina que fue canonizada parece una locura, o algo de gente fan\u00e1tica.<\/p>\n\n\n\n<p>Sin embargo, el vac\u00edo interior que sienten millones de personas en nuestro propio pa\u00eds, no se llena con nada. Ni con el \u00e9xito econ\u00f3mico, el desarrollo profesional, ni con el reconocimiento social. Es un vac\u00edo que produce angustia, depresi\u00f3n, deseos de autodestrucci\u00f3n. Lleva a muchas de estas personas a una b\u00fasqueda sin fin. S\u00f3lo algunos descubren que el vac\u00edo es espiritual, es un deseo de trascendencia, que no puede obtenerse ni en amazon, ni en Alibaba, ni en el mall.<\/p>\n\n\n\n<p>Eso es lo que hace mas notable a\u00fan, como la historia de esta mujer palestina, haya encontrado eco en tantas personas en nuestro pa\u00eds.<\/p>\n\n\n\n<p>La semana que pas\u00f3, estuvo en Magallanes esta mujer excepcional. Es Santa Mariam de Jes\u00fas crucificado, monja carmelita del convento del Carmelo de Bel\u00e9n. Por primera vez en Chile, se exhibe un conjunto de reliquias \u201cinsignes\u201d, que recuerdan a los creyentes la especial relaci\u00f3n con lo m\u00e1s sagrado, que tuvo Mariam. Estas reliquias han sido conservadas para la veneraci\u00f3n de los fieles, y recuerdan los momentos en que cada mes, recib\u00eda, las llagas de Cristo.<\/p>\n\n\n\n<p>Est\u00e1 documentado que, al igual que otros famosos santos como el Padre P\u00edo,&nbsp;&nbsp;Mariam, recib\u00eda las heridas de los clavos en manos, pies y la herida causada por la lanza en su costado. De estas heridas manaba sangre y agua. Asimismo recib\u00eda las heridas en su cabeza, causadas por la corona de espinas. Y en su espalda las heridas de latigazos, que sus compa\u00f1eras del convento, narran, que estando junto a ella, incluso se escuchaba el sonido del l\u00e1tigo, y se ve\u00eda la piel abri\u00e9ndose por los golpes.<\/p>\n\n\n\n<p>Mariam, ca\u00eda en \u00e9xtasis m\u00edsticos, varias veces al mes, se narra que en momentos de oraci\u00f3n, o al momento de la comuni\u00f3n, se alzaba sobre el suelo levitando.<\/p>\n\n\n\n<p>La gira por Chile de estas reliquias que nos recuerdan la vida excepcional de Santa Mariam, conocida como \u201cLa peque\u00f1a \u00e1rabe\u201d, se inici\u00f3 en Magallanes. Quienes estamos al final del mapa, esta vez fuimos los primeros. Cientos de personas participaron en las actividades que recordaban los carismas con que fue bendecida Mariam, por Nuestro Se\u00f1or Jes\u00fas y en especial por la Sant\u00edsima Virgen Mar\u00eda.<\/p>\n\n\n\n<p>Es dif\u00edcil de describir el efecto que produce en las personas tener esta experiencia. S\u00f3lo dir\u00e9 que en tierra santa, hablar de Mariam, es como hablar del padre P\u00edo. Se trata de una santa por cuya intercesi\u00f3n se han obrado maravillas en muchas partes del mundo.<\/p>\n\n\n\n<p>Una persona con una vida tachonada por la injusticia y el maltrato en su ni\u00f1ez, fue distinguida con dones que la llevaron a los altares en 2015. Lo que mas emociona de su historia es la extrema sencillez, y su aprecio por la humildad mas extrema. Gustaba ser nombrada, y se refer\u00eda a si misma como \u201cLa peque\u00f1a nada\u201d.<\/p>\n\n\n\n<p>Qu\u00e9 lecci\u00f3n nos deja a quienes la pudimos acompa\u00f1ar en su recorrido. Estuvo en el oratorio del aeropuerto, en el hospital de Punta Arenas, en la Ermita de Shoenstatt, en la Parroquia Santa Teresa de Los Andes, en el centro geogr\u00e1fico de Chile ( la mitad del territorio del pa\u00eds).&nbsp;&nbsp;En la catedral de Punta Arenas y luego en Tierra del Fuego, donde fue recibida con cari\u00f1o y emoci\u00f3n.<\/p>\n\n\n\n<p>El camino de la santidad, es con seguridad un camino al que todos estamos llamados, y ser\u00e1n&nbsp;&nbsp;muy pocos los elegidos. Pero lo que nos deja el testimonio de Santa Mariam, es la entrega generosa a una creencia espiritual, a una vida de oraci\u00f3n y reflexi\u00f3n, de la cual emana una fuerza que el mundo necesita.<\/p>\n\n\n\n<p>Cuando veo a j\u00f3venes dedicar su vida a la defensa de la naturaleza, a&nbsp;&nbsp;luchar contra el cambio clim\u00e1tico, cuando veo a j\u00f3venes como Crist\u00f3bal, como Mariluna, o a mujeres como Ver\u00f3nica, que luchan por su ideal, uno en la lucha social, otra en Kenia, formando granjas ecol\u00f3gicas, y Ver\u00f3nica en su sencilla celda del Carmelo.<\/p>\n\n\n\n<p>Cuando veo todo eso, pienso que a\u00fan hay esperanza para la humanidad, a\u00fan existe una reserva de altruismo, de generosidad, de coraje, que puede hacernos despertar.<\/p>\n\n\n\n<p>Vamos a despertar al universo.<\/p>\n\n\n\n<figure class=\"wp-block-image\"><img loading=\"lazy\" decoding=\"async\" width=\"1024\" height=\"768\" src=\"http:\/\/www.radiopresidenteibanez.cl\/web\/wp-content\/uploads\/2019\/03\/IMG-20190310-WA0014-1024x768.jpg\" alt=\"\" class=\"wp-image-2310\" srcset=\"https:\/\/www.radiopresidenteibanez.cl\/web\/wp-content\/uploads\/2019\/03\/IMG-20190310-WA0014.jpg 1024w, https:\/\/www.radiopresidenteibanez.cl\/web\/wp-content\/uploads\/2019\/03\/IMG-20190310-WA0014-300x225.jpg 300w, https:\/\/www.radiopresidenteibanez.cl\/web\/wp-content\/uploads\/2019\/03\/IMG-20190310-WA0014-768x576.jpg 768w\" sizes=\"auto, (max-width: 1024px) 100vw, 1024px\" \/><\/figure>\n","protected":false},"excerpt":{"rendered":"<p>Esta frase, no es de un pol\u00edtico, ni de un l\u00edder medio ambiental, tampoco de un cantante o una estrella de rock. Es de una mujer palestina, que el a\u00f1o&#8230; <a class=\"read-more\" href=\"https:\/\/www.radiopresidenteibanez.cl\/web\/vamos-a-despertar-al-universo-por-ernesto-sepulveda\/\">Leer m\u00e1s<\/a><\/p>\n","protected":false},"author":2,"featured_media":2310,"comment_status":"closed","ping_status":"closed","sticky":false,"template":"","format":"standard","meta":{"footnotes":""},"categories":[1],"tags":[],"class_list":["post-4595","post","type-post","status-publish","format-standard","has-post-thumbnail","hentry","category-cronica"],"_links":{"self":[{"href":"https:\/\/www.radiopresidenteibanez.cl\/web\/wp-json\/wp\/v2\/posts\/4595","targetHints":{"allow":["GET"]}}],"collection":[{"href":"https:\/\/www.radiopresidenteibanez.cl\/web\/wp-json\/wp\/v2\/posts"}],"about":[{"href":"https:\/\/www.radiopresidenteibanez.cl\/web\/wp-json\/wp\/v2\/types\/post"}],"author":[{"embeddable":true,"href":"https:\/\/www.radiopresidenteibanez.cl\/web\/wp-json\/wp\/v2\/users\/2"}],"replies":[{"embeddable":true,"href":"https:\/\/www.radiopresidenteibanez.cl\/web\/wp-json\/wp\/v2\/comments?post=4595"}],"version-history":[{"count":0,"href":"https:\/\/www.radiopresidenteibanez.cl\/web\/wp-json\/wp\/v2\/posts\/4595\/revisions"}],"wp:featuredmedia":[{"embeddable":true,"href":"https:\/\/www.radiopresidenteibanez.cl\/web\/wp-json\/wp\/v2\/media\/2310"}],"wp:attachment":[{"href":"https:\/\/www.radiopresidenteibanez.cl\/web\/wp-json\/wp\/v2\/media?parent=4595"}],"wp:term":[{"taxonomy":"category","embeddable":true,"href":"https:\/\/www.radiopresidenteibanez.cl\/web\/wp-json\/wp\/v2\/categories?post=4595"},{"taxonomy":"post_tag","embeddable":true,"href":"https:\/\/www.radiopresidenteibanez.cl\/web\/wp-json\/wp\/v2\/tags?post=4595"}],"curies":[{"name":"wp","href":"https:\/\/api.w.org\/{rel}","templated":true}]}}