{"id":45948,"date":"2024-01-25T17:55:00","date_gmt":"2024-01-25T20:55:00","guid":{"rendered":"https:\/\/www.radiopresidenteibanez.cl\/web\/?p=45948"},"modified":"2024-01-25T11:10:45","modified_gmt":"2024-01-25T14:10:45","slug":"minvu-entrega-subsidios-para-volver-a-construir-en-cerro-sombrero","status":"publish","type":"post","link":"https:\/\/www.radiopresidenteibanez.cl\/web\/minvu-entrega-subsidios-para-volver-a-construir-en-cerro-sombrero\/","title":{"rendered":"MINVU ENTREGA SUBSIDIOS PARA VOLVER A CONSTRUIR EN CERRO SOMBRERO"},"content":{"rendered":"\n<p>Por primera vez, el Ministerio de Vivienda y Urbanismo (Minvu) hizo entrega de subsidios a familias de Cerro Sombrero, en la Provincia de Tierra del Fuego, permitiendo que el Estado vuelva a construir soluciones habitacionales en la comuna de Primavera desde la d\u00e9cada del 60.<\/p>\n\n\n\n<p>Se trata de 49 familias de la agrupaci\u00f3n Pioneros que, gracias a las gestiones realizadas en conjunto por el Minvu y la Municipalidad de Primavera, obtuvieron los subsidios del Programa de Habitabilidad Rural (DS10) que permitir\u00e1n construir el primer conjunto de viviendas sociales de la comuna.<\/p>\n\n\n\n<p>\u201cMinisterio de Vivienda y Urbanismo est\u00e1 haciendo historia en la regi\u00f3n. Pudimos sacar adelante un proyecto habitacional para la comuna de Primavera, tras 60 a\u00f1os de que el Estado estuvo ac\u00e1 presente. Gracias a nuestro Plan de Emergencia Habitacional, hoy&nbsp;volvemos con 49 viviendas que se van a ejecutar durante este a\u00f1o y que esperamos entregar en 2025. As\u00ed que estamos muy contentos de&nbsp;poder decir que hasta aqu\u00ed tambi\u00e9n llega el Minvu\u201d, afirm\u00f3 el Seremi de Vivienda y Urbanismo,&nbsp;<strong>Marco Uribe Saldivia<\/strong>.<\/p>\n\n\n\n<p>Este proyecto, financiado por el Minvu y que considera el aporte de recursos por parte del Gobierno Regional, contempla la construcci\u00f3n de un conjunto habitacional de 49 viviendas, en un terreno que fue aportado por la I. Municipalidad de Primavera.<\/p>\n\n\n\n<p>\u201cCumplimos con el compromiso que hicimos con estas familias. Su proyecto considera&nbsp;la construcci\u00f3n de 48 viviendas de 52m2 y una de 54m2, acondicionada para persona con discapacidad. Tendr\u00e1n dos dormitorios, ba\u00f1o, cocina, estar-comedor y una ampliaci\u00f3n proyectada para un tercer dormitorio\u201d, detall\u00f3 el Director (S) del Serviu,&nbsp;<strong>Omar Gonz\u00e1lez Asenjo<\/strong>.<\/p>\n\n\n\n<p>Este nuevo conjunto habitacional, que se sumar\u00e1 a los 22 que actualmente est\u00e1n en construcci\u00f3n en las cuatro provincias de Magallanes, contar\u00e1 con tres \u00e1reas verdes, que incluir\u00e1n juegos infantiles, m\u00e1quinas de ejercicios, accesibilidad y bicicletero.<\/p>\n\n\n\n<p>\u201cEstamos culminando una etapa muy importante de este proceso, que es la obtenci\u00f3n de nuestro anhelado subsidio, y ya con un poquito m\u00e1s de esperanza, un poquito m\u00e1s confiados de que se va a cumplir. Este es un proceso para algunos y para nosotros es un sue\u00f1o ya hecho en realidad, as\u00ed que muchas gracias a todas las autoridades presentes\u201d, destac\u00f3&nbsp;<strong>Marcela Silva<\/strong>, presidenta de la agrupaci\u00f3n Pioneros.<\/p>\n\n\n\n<p>Este trabajo responde a la tarea de descentralizar encomendada por el Gobierno del Presidente Gabriel Boric Font, llegando a todos los territorios de la regi\u00f3n con el Plan de Emergencia Habitacional.<\/p>\n\n\n\n<p>\u201cEstamos muy contentos de entregar estos 49 subsidios a familias de la comuna de Primavera, que se suman a otros 10 que se entregaron en Torres del Paine, a los m\u00e1s de 300 recientemente asignados en Puerto Natales y, hace poquitas semanas, tambi\u00e9n en Puerto Williams. Esto habla de la visi\u00f3n descentralizadora que tiene el Gobierno del Presidente Gabriel Boric en la regi\u00f3n de Magallanes\u201d, coment\u00f3&nbsp;el Delegado Presidencial Regional,&nbsp;<strong>Jos\u00e9 Ruiz Pivcevic<\/strong>.<\/p>\n\n\n\n<p>A la fecha, el Plan de Emergencia Habitacional del Minvu supera el 75% de avance en la regi\u00f3n, con 1.475 viviendas entregadas y 2.595 soluciones habitacionales en construcci\u00f3n.<\/p>\n","protected":false},"excerpt":{"rendered":"<p>Por primera vez, el Ministerio de Vivienda y Urbanismo (Minvu) hizo entrega de subsidios a familias de Cerro Sombrero, en la Provincia de Tierra del Fuego, permitiendo que el Estado&#8230; <a class=\"read-more\" href=\"https:\/\/www.radiopresidenteibanez.cl\/web\/minvu-entrega-subsidios-para-volver-a-construir-en-cerro-sombrero\/\">Leer m\u00e1s<\/a><\/p>\n","protected":false},"author":2,"featured_media":45949,"comment_status":"closed","ping_status":"closed","sticky":false,"template":"","format":"standard","meta":{"footnotes":""},"categories":[1],"tags":[],"class_list":["post-45948","post","type-post","status-publish","format-standard","has-post-thumbnail","hentry","category-cronica"],"_links":{"self":[{"href":"https:\/\/www.radiopresidenteibanez.cl\/web\/wp-json\/wp\/v2\/posts\/45948","targetHints":{"allow":["GET"]}}],"collection":[{"href":"https:\/\/www.radiopresidenteibanez.cl\/web\/wp-json\/wp\/v2\/posts"}],"about":[{"href":"https:\/\/www.radiopresidenteibanez.cl\/web\/wp-json\/wp\/v2\/types\/post"}],"author":[{"embeddable":true,"href":"https:\/\/www.radiopresidenteibanez.cl\/web\/wp-json\/wp\/v2\/users\/2"}],"replies":[{"embeddable":true,"href":"https:\/\/www.radiopresidenteibanez.cl\/web\/wp-json\/wp\/v2\/comments?post=45948"}],"version-history":[{"count":0,"href":"https:\/\/www.radiopresidenteibanez.cl\/web\/wp-json\/wp\/v2\/posts\/45948\/revisions"}],"wp:featuredmedia":[{"embeddable":true,"href":"https:\/\/www.radiopresidenteibanez.cl\/web\/wp-json\/wp\/v2\/media\/45949"}],"wp:attachment":[{"href":"https:\/\/www.radiopresidenteibanez.cl\/web\/wp-json\/wp\/v2\/media?parent=45948"}],"wp:term":[{"taxonomy":"category","embeddable":true,"href":"https:\/\/www.radiopresidenteibanez.cl\/web\/wp-json\/wp\/v2\/categories?post=45948"},{"taxonomy":"post_tag","embeddable":true,"href":"https:\/\/www.radiopresidenteibanez.cl\/web\/wp-json\/wp\/v2\/tags?post=45948"}],"curies":[{"name":"wp","href":"https:\/\/api.w.org\/{rel}","templated":true}]}}