{"id":45933,"date":"2024-01-25T13:55:00","date_gmt":"2024-01-25T16:55:00","guid":{"rendered":"https:\/\/www.radiopresidenteibanez.cl\/web\/?p=45933"},"modified":"2024-01-25T10:53:45","modified_gmt":"2024-01-25T13:53:45","slug":"funcionarias-y-funcionarios-publicos-se-capacitan-en-participacion-ciudadana-y-no-discriminacion","status":"publish","type":"post","link":"https:\/\/www.radiopresidenteibanez.cl\/web\/funcionarias-y-funcionarios-publicos-se-capacitan-en-participacion-ciudadana-y-no-discriminacion\/","title":{"rendered":"FUNCIONARIAS Y FUNCIONARIOS PUBLICOS SE CAPACITAN EN PARTICIPACION CIUDADANA Y NO DISCRIMINACION"},"content":{"rendered":"\n<p>En l\u00ednea con el mandato del Presidente Gabriel Boric sobre fortalecer las regiones y generar<br>instancias de participaci\u00f3n m\u00e1s amplias e inclusivas para la elaboraci\u00f3n de pol\u00edticas p\u00fablicas, el<br>equipo del Observatorio de Participaci\u00f3n Ciudadana y No Discriminaci\u00f3n del Ministerio Secretar\u00eda<br>General de Gobierno lleg\u00f3 hasta Punta Arenas para capacitar a funcionarios y funcionarias<br>p\u00fablico en materias relativas a la Ley 20.500 sobre participaci\u00f3n ciudadana en la gesti\u00f3n p\u00fablica<br>y Ley 20.609 sobre medidas contra la discriminaci\u00f3n arbitraria.&nbsp;<br>En estos encuentros tambi\u00e9n participar\u00e1n integrantes de Carabineros y la PDI, y representantes<br>de organizaciones de la sociedad civil. \u00c9stos \u00faltimos fueron convocados a una jornada de<br>capacitaci\u00f3n de la Ley 20.609 sobre No Discriminaci\u00f3n, a realizarse ma\u00f1ana a las 18 horas en el<br>auditorio \u201cAlejandro Ponticas Kairis\u201d, ubicado en la calle Croacia 722. En total se espera<br>capacitar a poco m\u00e1s de un centenar de personas en la regi\u00f3n.&nbsp;<br>La directora del Observatorio Segegob, Carmen Luz Morales, se encuentra en la regi\u00f3n para<br>liderar estos espacios que tienen por objetivo educar y sensibilizar en torno a estas materias. Al<br>respecto, explic\u00f3 que \u201cuno de los ejes centrales de acci\u00f3n del Observatorio es acercar las<br>normativas vigentes de participaci\u00f3n y no discriminaci\u00f3n a las personas para promover la<br>construcci\u00f3n de una sociedad m\u00e1s respetuosa que sea capaz de abrir espacios de inclusi\u00f3n en<br>todas sus dimensiones\u201d.&nbsp;<br>\u201cLa importancia de las capacitaciones hacia funcionarias y funcionarios p\u00fablicos radica en que<br>son ellas y ellos la puerta de entrada de la sociedad civil hacia el Estado, entonces es<br>fundamental que tengan un trato amable, respetuoso y sean parte de este cambio cultural<br>urgente que nos permitir\u00e1 avanzar hacia una sociedad sin discriminaci\u00f3n y con un rol<br>participativo de las personas\u201d, agreg\u00f3 Morales.<br>El seremi de Gobierno de la regi\u00f3n de Magallanes, Andro Mimica, expres\u00f3 que \u201ctal como lo ha<br>se\u00f1alado el Presidente Gabriel Boric, las autoridades debemos incorporar a la ciudadan\u00eda en la<br>toma de decisiones. Por ello es tan relevante la visita del equipo del Observatorio de<br>Participaci\u00f3n Ciudadana y No Discriminaci\u00f3n, quienes se han trasladado hasta nuestra regi\u00f3n de<br>Magallanes, la m\u00e1s austral del pa\u00eds, para que discutamos, compartamos y sociabilicemos<br>respecto a las diferentes pol\u00edticas y tem\u00e1ticas ligadas a la participaci\u00f3n ciudadana y la no<br>discriminaci\u00f3n\u201d.<br>El Observatorio de Participaci\u00f3n Ciudadana y No Discriminaci\u00f3n es una unidad del Ministerio<br>Secretar\u00eda General de Gobierno, cuya misi\u00f3n es capacitar a funcionarios y funcionarias de<br>instituciones p\u00fablicas sobre materias de participaci\u00f3n ciudadana y no discriminaci\u00f3n relacionadas<br>con las leyes 20.500 y 20.609. Asimismo, su funci\u00f3n es generar espacios de di\u00e1logo en torno a<br>estas tem\u00e1ticas con organizaciones de la sociedad civil y la academia.<\/p>\n","protected":false},"excerpt":{"rendered":"<p>En l\u00ednea con el mandato del Presidente Gabriel Boric sobre fortalecer las regiones y generarinstancias de participaci\u00f3n m\u00e1s amplias e inclusivas para la elaboraci\u00f3n de pol\u00edticas p\u00fablicas, elequipo del Observatorio&#8230; <a class=\"read-more\" href=\"https:\/\/www.radiopresidenteibanez.cl\/web\/funcionarias-y-funcionarios-publicos-se-capacitan-en-participacion-ciudadana-y-no-discriminacion\/\">Leer m\u00e1s<\/a><\/p>\n","protected":false},"author":2,"featured_media":45934,"comment_status":"closed","ping_status":"closed","sticky":false,"template":"","format":"standard","meta":{"footnotes":""},"categories":[1],"tags":[],"class_list":["post-45933","post","type-post","status-publish","format-standard","has-post-thumbnail","hentry","category-cronica"],"_links":{"self":[{"href":"https:\/\/www.radiopresidenteibanez.cl\/web\/wp-json\/wp\/v2\/posts\/45933","targetHints":{"allow":["GET"]}}],"collection":[{"href":"https:\/\/www.radiopresidenteibanez.cl\/web\/wp-json\/wp\/v2\/posts"}],"about":[{"href":"https:\/\/www.radiopresidenteibanez.cl\/web\/wp-json\/wp\/v2\/types\/post"}],"author":[{"embeddable":true,"href":"https:\/\/www.radiopresidenteibanez.cl\/web\/wp-json\/wp\/v2\/users\/2"}],"replies":[{"embeddable":true,"href":"https:\/\/www.radiopresidenteibanez.cl\/web\/wp-json\/wp\/v2\/comments?post=45933"}],"version-history":[{"count":0,"href":"https:\/\/www.radiopresidenteibanez.cl\/web\/wp-json\/wp\/v2\/posts\/45933\/revisions"}],"wp:featuredmedia":[{"embeddable":true,"href":"https:\/\/www.radiopresidenteibanez.cl\/web\/wp-json\/wp\/v2\/media\/45934"}],"wp:attachment":[{"href":"https:\/\/www.radiopresidenteibanez.cl\/web\/wp-json\/wp\/v2\/media?parent=45933"}],"wp:term":[{"taxonomy":"category","embeddable":true,"href":"https:\/\/www.radiopresidenteibanez.cl\/web\/wp-json\/wp\/v2\/categories?post=45933"},{"taxonomy":"post_tag","embeddable":true,"href":"https:\/\/www.radiopresidenteibanez.cl\/web\/wp-json\/wp\/v2\/tags?post=45933"}],"curies":[{"name":"wp","href":"https:\/\/api.w.org\/{rel}","templated":true}]}}