{"id":45916,"date":"2024-01-25T10:29:33","date_gmt":"2024-01-25T13:29:33","guid":{"rendered":"https:\/\/www.radiopresidenteibanez.cl\/web\/?p=45916"},"modified":"2024-01-25T10:29:47","modified_gmt":"2024-01-25T13:29:47","slug":"camara-de-diputadas-y-diputados-aprueba-idea-de-legislar-la-reforma-previsional","status":"publish","type":"post","link":"https:\/\/www.radiopresidenteibanez.cl\/web\/camara-de-diputadas-y-diputados-aprueba-idea-de-legislar-la-reforma-previsional\/","title":{"rendered":"C\u00c1MARA DE DIPUTADAS Y DIPUTADOS APRUEBA IDEA DE LEGISLAR LA REFORMA PREVISIONAL."},"content":{"rendered":"\n<p><strong>La iniciativa fue respaldada en la Sala de la Corporaci\u00f3n por 84 votos a favor, 64 en contra 3 abstenciones, en una sesi\u00f3n que estuvo marcada por el apoyo de Dem\u00f3cratas y la posterior ca\u00edda de la f\u00f3rmula del 3 y 3 de cotizaci\u00f3n adicional.<\/strong><\/p>\n\n\n\n<p>Texto y Fotograf\u00edas: <a href=\"https:\/\/radio.uchile.cl\/\" data-type=\"link\" data-id=\"https:\/\/radio.uchile.cl\/\">Radio U. de Chile<\/a> por Camilo Vega Martinez.<\/p>\n\n\n\n<p>Tras intensas negociaciones\u00a0de autoridades de gobierno\u00a0y una tensa discusi\u00f3n entre los parlamentarios,\u00a0se aprob\u00f3 la idea de legislar el proyecto de Reforma Previsional.<strong>\u00a0<\/strong>Con lo que el Ejecutivo anot\u00f3 su primera victoria en el Congreso.<\/p>\n\n\n\n<p>La iniciativa fue respaldada&nbsp;por 84 votos a favor, 64 en contra 3 abstenciones, procediendo as\u00ed posteriormente&nbsp;a su discusi\u00f3n en particular en el hemiciclo.<\/p>\n\n\n\n<p>Esta reforma previsional ha sido catalogada como uno de los\u00a0pilares del programa de gobierno del Presidente Gabriel Boric,\u00a0especialmente tras el rechazo a la reforma tributaria en marzo del a\u00f1o pasado. Por lo mismo, los esfuerzos del Ejecutivo estuvieron enfocados en lograr\u00a0el visto bueno en esta parte inicial de la tramitaci\u00f3n, el cual incluy\u00f3 di\u00e1logos con las fuerzas del centro pol\u00edtico.<\/p>\n\n\n\n<p>Tras varias&nbsp;negociaciones entre la ministra del Trabajo, Jeannette Jara y&nbsp;representantes de sector,&nbsp;logr\u00f3 el&nbsp;<strong>apoyo en general de la Democracia Cristiana, el Partido de la Gente, Amarillos y Dem\u00f3cratas<\/strong>, pese a que varios anunciaron que votar\u00edan en contra de diversos art\u00edculos en la revisi\u00f3n en particular.<\/p>\n\n\n\n<h3 class=\"wp-block-heading\">Se cae el \u201ccoraz\u00f3n\u201d de la reforma<\/h3>\n\n\n\n<p>Precisamente, fue en esta instancia en que el Ejecutivo vio como puntos claves de la reforma fueron rechazados por la Sala.&nbsp;Este es el caso del&nbsp;art\u00edculo 2, que conten\u00eda la distribuci\u00f3n de la cotizaci\u00f3n adicional del 6% y que fue materia de extenuantes negociaciones entre el oficialismo y los partidos llamados \u201cno alineados\u201d.<\/p>\n\n\n\n<p>A pesar de&nbsp;que el Gobierno acogi\u00f3&nbsp;la propuesta&nbsp;de la Democracia Cristiana&nbsp;de destinar tres puntos porcentuales a cuentas individuales y otros tres puntos a solidaridad, esta finalmente no&nbsp;alcanz\u00f3 el&nbsp;<em>quorum<\/em>&nbsp;requerido, desestim\u00e1ndose&nbsp;por&nbsp;76 votos a favor y 75 en contra.<\/p>\n\n\n\n<h3 class=\"wp-block-heading\">Tensi\u00f3n en la Sala<\/h3>\n\n\n\n<p>La discusi\u00f3n fue en tensi\u00f3n creciente, con interpelaciones entre las distintas partes, al punto en que se debi\u00f3 suspender la sesi\u00f3n por unos minutos durante la intervenci\u00f3n del diputado de&nbsp;<strong>Convergencia Social, Diego Ib\u00e1\u00f1ez<\/strong>, qui\u00e9n critic\u00f3 a la bancada de Dem\u00f3cratas, generando la molestia de&nbsp;los legisladoras de la colectividad.&nbsp;<\/p>\n\n\n\n<p>Ib\u00e1\u00f1ez llam\u00f3 a la bancada de Dem\u00f3cratas a&nbsp;<strong>\u201cno dejarse iluminar por la senadora Ximena Rinc\u00f3n\u201d<\/strong>&nbsp;y a \u201c<strong>no traicionar la palabra empe\u00f1ada<\/strong>\u201d. Esto en circunstancias en que&nbsp;representantes del sector&nbsp;hab\u00edan llegado a un acuerdo con la&nbsp;titular del Trabajo para votar a favor de la idea de legislar.<\/p>\n\n\n\n<p>La jefa de la bancada&nbsp;<strong>Dem\u00f3crata, Joanna P\u00e9rez<\/strong>,&nbsp;respondi\u00f3 al diputado oficialista,&nbsp;reclamando respeto.<\/p>\n\n\n\n<p>\u201cHemos querido destrabar esto, pero no merecemos el maltrato de derecha ni de izquierda porque somos un espacio de centro\u201d, expres\u00f3, para luego anunciar el&nbsp;<strong>congelamiento de sus relaciones con el Gobierno debido a las declaraciones de Ib\u00e1nez<\/strong>.<\/p>\n\n\n\n<p>Por otra parte,&nbsp;en la derecha mantuvieron su irrestricto rechazo, como ya hab\u00edan anunciado durante las \u00faltimas horas. Incluso, varios de los parlamentarios en sus intervenciones recordaron la postura de ministros del actual gobierno y del mismo Presidente Gabriel Boric en contra de la idea de legislar el proyecto de pensiones presentado durante la administraci\u00f3n de Sebasti\u00e1n Pi\u00f1era.<\/p>\n","protected":false},"excerpt":{"rendered":"<p>La iniciativa fue respaldada en la Sala de la Corporaci\u00f3n por 84 votos a favor, 64 en contra 3 abstenciones, en una sesi\u00f3n que estuvo marcada por el apoyo de&#8230; <a class=\"read-more\" href=\"https:\/\/www.radiopresidenteibanez.cl\/web\/camara-de-diputadas-y-diputados-aprueba-idea-de-legislar-la-reforma-previsional\/\">Leer m\u00e1s<\/a><\/p>\n","protected":false},"author":2,"featured_media":45917,"comment_status":"closed","ping_status":"closed","sticky":false,"template":"","format":"standard","meta":{"footnotes":""},"categories":[1,5],"tags":[],"class_list":["post-45916","post","type-post","status-publish","format-standard","has-post-thumbnail","hentry","category-cronica","category-politica"],"_links":{"self":[{"href":"https:\/\/www.radiopresidenteibanez.cl\/web\/wp-json\/wp\/v2\/posts\/45916","targetHints":{"allow":["GET"]}}],"collection":[{"href":"https:\/\/www.radiopresidenteibanez.cl\/web\/wp-json\/wp\/v2\/posts"}],"about":[{"href":"https:\/\/www.radiopresidenteibanez.cl\/web\/wp-json\/wp\/v2\/types\/post"}],"author":[{"embeddable":true,"href":"https:\/\/www.radiopresidenteibanez.cl\/web\/wp-json\/wp\/v2\/users\/2"}],"replies":[{"embeddable":true,"href":"https:\/\/www.radiopresidenteibanez.cl\/web\/wp-json\/wp\/v2\/comments?post=45916"}],"version-history":[{"count":0,"href":"https:\/\/www.radiopresidenteibanez.cl\/web\/wp-json\/wp\/v2\/posts\/45916\/revisions"}],"wp:featuredmedia":[{"embeddable":true,"href":"https:\/\/www.radiopresidenteibanez.cl\/web\/wp-json\/wp\/v2\/media\/45917"}],"wp:attachment":[{"href":"https:\/\/www.radiopresidenteibanez.cl\/web\/wp-json\/wp\/v2\/media?parent=45916"}],"wp:term":[{"taxonomy":"category","embeddable":true,"href":"https:\/\/www.radiopresidenteibanez.cl\/web\/wp-json\/wp\/v2\/categories?post=45916"},{"taxonomy":"post_tag","embeddable":true,"href":"https:\/\/www.radiopresidenteibanez.cl\/web\/wp-json\/wp\/v2\/tags?post=45916"}],"curies":[{"name":"wp","href":"https:\/\/api.w.org\/{rel}","templated":true}]}}