{"id":45878,"date":"2024-01-24T08:42:00","date_gmt":"2024-01-24T11:42:00","guid":{"rendered":"https:\/\/www.radiopresidenteibanez.cl\/web\/?p=45878"},"modified":"2024-01-24T10:14:01","modified_gmt":"2024-01-24T13:14:01","slug":"mariano-ruiz-esquide-2","status":"publish","type":"post","link":"https:\/\/www.radiopresidenteibanez.cl\/web\/mariano-ruiz-esquide-2\/","title":{"rendered":"MARIANO RUIZ ESQUIDE"},"content":{"rendered":"\n<p>Una triste noticia de d\u00eda s\u00e1bado, sorprendi\u00f3 mi rutina diaria. Un mensaje en el<br>tel\u00e9fono daba cuenta del deceso de uno de los grandes personajes del mundo de lo<br>pol\u00edtico, que la vida me ha permitido conocer.<br>A sus 93 a\u00f1os, en la ciudad de Vi\u00f1a del mar, y despu\u00e9s de una serie de<br>complicaciones de salud que se ven\u00edan arrastrando hace algunos meses, part\u00eda don<br>Mariano Ruiz Esquide\u2026 Mariano el amigo, Mariano el Quijote, Mariano el dem\u00f3crata,<br>Mariano el Consecuente, Mariano el m\u00e1s digno.<br>Su funeral se realiz\u00f3 el pasado domingo, a las 15 horas despu\u00e9s de una misa, en el<br>cementerio Parque del Mar en Conc\u00f3n, en la Regi\u00f3n de Valpara\u00edso, con la presencia<br>de su familia, sus amistades, algunas autoridades y representantes de su partido, la<br>Democracia Cristiana, colectividad en la cual milit\u00f3 toda su vida, y de la cual, dicho de<br>paso, ya no formo parte.<br>Pero ah\u00ed fue en donde le conoc\u00ed y le admir\u00e9 durante toda una vida, bajo la inspiraci\u00f3n<br>del progresismo del mundo \u201cchasc\u00f3n\u201d DC, que vivi\u00f3 siempre en la ilusi\u00f3n de poder<br>interpretar una visi\u00f3n del humanismo cristiano, de indiscutible radicalidad de<br>compromiso, por los m\u00e1s necesitados, y que supuestamente no renunciar\u00eda jam\u00e1s a<br>la concepci\u00f3n de un partido popular, nacional y de vanguardia, que se pudiera hacer<br>cargo de la inclusi\u00f3n, de la igualdad, la justicia social, y el imperativo cambio del<br>sistema previsional vigente, y la nacionalizaci\u00f3n de nuestros recursos naturales, el<br>litio, cobre y agua para Chile proclam\u00e1bamos juntos. Adem\u00e1s de la creaci\u00f3n de una<br>nueva carta fundamental que fuera legitima en su origen.<br>Nos conocimos en tiempos profundos, buenos y malos, en los que nos reun\u00edamos a<br>conversar sobre lo que pens\u00e1bamos era lo mejor para Chile. Los progresistas<br>habl\u00e1bamos de sustentabilidad medioambiental, de identidad de g\u00e9nero, de<br>descentralizaci\u00f3n, expresada siempre en la entrega de m\u00e1s poder para las regiones, y<br>de mejores mecanismos de control y participaci\u00f3n ciudadana en todos los niveles; y<br>de un sinf\u00edn de temas, planteando siempre la necesidad de instalar la \u00e9tica en el<br>servicio p\u00fablico para el enfrentamiento de la corrupci\u00f3n sin dobleces, ni privilegios.<br>Esas eran parte de nuestras eternas conversaciones.<br>Quer\u00edamos con much\u00edsima fuerza profundizar nuestra democracia y anhel\u00e1bamos la<br>reconstrucci\u00f3n del tejido social, se trataba de potenciar el sindicalismo y la<br>organizaci\u00f3n social como herramienta clave para enfrentar la concentraci\u00f3n de la<br>riqueza, el poder y la desigualdad en nuestro pa\u00eds. Eso fue lo que terminamos<br>finalmente declarando en el Encuentro Progresista Autoconvocado en el que<br>particip\u00f3 activamente nuestro querido Mariano, el 24 de marzo de 2018 en Curic\u00f3.<br>Aquella fue la \u00faltima vez que lo pude ver, estuvimos varias horas juntos,<br>compartiendo an\u00e9cdotas y buenos deseos para Magallanes. Tambi\u00e9n fue la \u00faltima<br>vez, en que lo escuche nuevamente contarnos a los presentes sobre su participaci\u00f3n<br>en la famosa \u201cCarta de los 13\u201d.<\/p>\n\n\n\n<p>En aquella oportunidad nos relat\u00f3 la forma en que se reunieron clandestinamente a<br>pocas horas del Golpe Militar para poder acordar, redactar y distribuir una<br>declaraci\u00f3n p\u00fablica que rechaz\u00f3&nbsp;de&nbsp;plano la acci\u00f3n c\u00edvico militar golpista, y que<br>ha&nbsp;de&nbsp;ser hoy por hoy uno&nbsp;de&nbsp;los actos pol\u00edticos m\u00e1s determinantes&nbsp;de la historia<br>partidaria democratacristiana.<br>\u201cCondenamos categ\u00f3ricamente el derrocamiento del Presidente<br>Constitucional&nbsp;de&nbsp;Chile, se\u00f1or Salvador Allende,&nbsp;de&nbsp;cuyo Gobierno, por decisi\u00f3n&nbsp;de&nbsp;la<br>voluntad popular y&nbsp;de&nbsp;nuestro partido, fuimos invariables opositores. Nos inclinamos<br>respetuosos ante el sacrificio que \u00e9l hizo&nbsp;de&nbsp;su vida en defensa&nbsp;de&nbsp;la Autoridad<br>Constitucional\u201d As\u00ed lo dijeron en ese preciso momento, en medio del caos, en el<br>punto uno&nbsp;de&nbsp;su hist\u00f3rica misiva.<br>Mariano firm\u00f3 esa carta, y eso lo enorgullec\u00eda, como tambi\u00e9n a muchos de nosotros<br>como sus compa\u00f1eros de ruta partidaria. Pero Don Mariano ser\u00e1 parte de la historia<br>de este pa\u00eds, no solo por eso, sino que tambi\u00e9n debido a su consecuencia y su propia<br>acci\u00f3n de vida, como persona, como Dirigente Estudiantil, como Presidente del<br>Colegio M\u00e9dico, como Regidor, como Diputado y como Senador de la Rep\u00fablica.<br>As\u00ed era Mariano. Un caballero, un verdadero gal\u00e1n, un muy buen amigo de sus<br>amigos, un hombre simp\u00e1tico, sabio y por sobretodo consecuente.<br>Gracias por tu contribuci\u00f3n a la paz, a la defensa de los Derechos Humanos, a la<br>\u00abdignidad\u00bb de la pol\u00edtica y al desarrollo democr\u00e1tico de nuestro pa\u00eds Mariano<br>querido.<br>Fue un verdadero privilegio de la vida poder compartir siempre contigo. De hecho,<br>a\u00fan muchas de las cosas que hago y que pienso en la intimidad, llevan tu legado<br>m\u00edstico y m\u00e1gico.<br>Asia ser\u00e1 por siempre mi buen amigo\u2026 descansa en Paz!<\/p>\n","protected":false},"excerpt":{"rendered":"<p>Una triste noticia de d\u00eda s\u00e1bado, sorprendi\u00f3 mi rutina diaria. Un mensaje en eltel\u00e9fono daba cuenta del deceso de uno de los grandes personajes del mundo de lopol\u00edtico, que la&#8230; <a class=\"read-more\" href=\"https:\/\/www.radiopresidenteibanez.cl\/web\/mariano-ruiz-esquide-2\/\">Leer m\u00e1s<\/a><\/p>\n","protected":false},"author":2,"featured_media":45879,"comment_status":"closed","ping_status":"closed","sticky":false,"template":"","format":"standard","meta":{"footnotes":""},"categories":[1],"tags":[],"class_list":["post-45878","post","type-post","status-publish","format-standard","has-post-thumbnail","hentry","category-cronica"],"_links":{"self":[{"href":"https:\/\/www.radiopresidenteibanez.cl\/web\/wp-json\/wp\/v2\/posts\/45878","targetHints":{"allow":["GET"]}}],"collection":[{"href":"https:\/\/www.radiopresidenteibanez.cl\/web\/wp-json\/wp\/v2\/posts"}],"about":[{"href":"https:\/\/www.radiopresidenteibanez.cl\/web\/wp-json\/wp\/v2\/types\/post"}],"author":[{"embeddable":true,"href":"https:\/\/www.radiopresidenteibanez.cl\/web\/wp-json\/wp\/v2\/users\/2"}],"replies":[{"embeddable":true,"href":"https:\/\/www.radiopresidenteibanez.cl\/web\/wp-json\/wp\/v2\/comments?post=45878"}],"version-history":[{"count":0,"href":"https:\/\/www.radiopresidenteibanez.cl\/web\/wp-json\/wp\/v2\/posts\/45878\/revisions"}],"wp:featuredmedia":[{"embeddable":true,"href":"https:\/\/www.radiopresidenteibanez.cl\/web\/wp-json\/wp\/v2\/media\/45879"}],"wp:attachment":[{"href":"https:\/\/www.radiopresidenteibanez.cl\/web\/wp-json\/wp\/v2\/media?parent=45878"}],"wp:term":[{"taxonomy":"category","embeddable":true,"href":"https:\/\/www.radiopresidenteibanez.cl\/web\/wp-json\/wp\/v2\/categories?post=45878"},{"taxonomy":"post_tag","embeddable":true,"href":"https:\/\/www.radiopresidenteibanez.cl\/web\/wp-json\/wp\/v2\/tags?post=45878"}],"curies":[{"name":"wp","href":"https:\/\/api.w.org\/{rel}","templated":true}]}}