{"id":45865,"date":"2024-01-23T12:46:00","date_gmt":"2024-01-23T15:46:00","guid":{"rendered":"https:\/\/www.radiopresidenteibanez.cl\/web\/?p=45865"},"modified":"2024-01-22T22:29:02","modified_gmt":"2024-01-23T01:29:02","slug":"ministerio-de-ciencia-abre-consulta-ciudadana-para-actualizar-politica-nacional-de-inteligencia-artificial","status":"publish","type":"post","link":"https:\/\/www.radiopresidenteibanez.cl\/web\/ministerio-de-ciencia-abre-consulta-ciudadana-para-actualizar-politica-nacional-de-inteligencia-artificial\/","title":{"rendered":"MINISTERIO DE CIENCIA ABRE CONSULTA CIUDADANA PARA ACTUALIZAR POLITICA NACIONAL DE INTELIGENCIA ARTIFICIAL"},"content":{"rendered":"\n<p>Con el lanzamiento de una serie de c\u00e1psulas para ni\u00f1os y adolescentes sobre algoritmos, aprendizaje autom\u00e1tico, sesgos, m\u00e9todo cient\u00edfico y \u00e9tica, la ministra de Ciencia, Ais\u00e9n Etcheverry, present\u00f3 hoy en Congreso Futuro la&nbsp;<strong>Consulta P\u00fablica sobre la Pol\u00edtica Nacional de Inteligencia Artificial 2024.&nbsp;<\/strong><\/p>\n\n\n\n<p>La Pol\u00edtica es un documento que contiene los lineamientos estrat\u00e9gicos en los que se debe enfocar el pa\u00eds en materia de inteligencia artificial durante los pr\u00f3ximos diez a\u00f1os e incluye&nbsp;un proceso de participaci\u00f3n ciudadana que el Ministerio de Ciencia ha llevado a cabo durante el \u00faltimo a\u00f1o con distintas instancias presenciales a lo largo de Chile, usando la metodolog\u00eda RAM de Unesco. La Consulta Ciudadana es el \u00faltimo eslab\u00f3n y su objetivo es que toda la ciudadan\u00eda pueda participar con insumos que ser\u00e1n considerados para la construcci\u00f3n del documento final.&nbsp;<\/p>\n\n\n\n<p>No se trata de una nueva pol\u00edtica, sino de la actualizaci\u00f3n del eje sobre \u00c9tica y Gobernanza que est\u00e1 vigente desde 2021, pionera en Latinoam\u00e9rica:&nbsp;&nbsp;\u201cChile marc\u00f3 un hito al publicar su primera Pol\u00edtica Nacional de IA hace ya 3 a\u00f1os, que tambi\u00e9n tuvo un proceso de participaci\u00f3n ciudadana. En ese momento los temas que m\u00e1s se profundizaron fueron infraestructura, conectividad, capacidad de c\u00f3mputo, capital humano. El 2023, con el fuerte impacto de la IA generativa, nos dimos cuenta de que era importante reforzar el Eje \u00c9tico de la Pol\u00edtica, que a la sociedad ya le preocupa: desde los padres cuando ven a sus hijos expuestos a esta nueva tecnolog\u00eda, los ni\u00f1os que ya est\u00e1n usando Chat GPT en el colegio, y por supuesto quienes sienten que sus trabajos pueden cambiar radicalmente. Por eso, esta consulta p\u00fablica puede parecer algo t\u00e9cnico pero est\u00e1 muy cerca de todos los chilenos y llamamos a todos y todas a opinar, porque adem\u00e1s cada sociedad tiene que preguntarse qu\u00e9 l\u00edmites le parecen aceptables para cada tecnolog\u00eda\u201d, explic\u00f3 la ministra Ais\u00e9n Etcheverry.<\/p>\n\n\n\n<p>La consulta est\u00e1r\u00e1 disponible en el sitio web del Ministerio de Ciencia (<a href=\"https:\/\/minciencia.gob.cl\/areas\/inteligencia-artificial\/politica-nacional-de-inteligencia-artificial\/\" target=\"_blank\" rel=\"noreferrer noopener\">https:\/\/minciencia.gob.cl\/<\/a>) hasta el 15 de marzo e incluye temas como g\u00e9nero, equidad y no discriminaci\u00f3n, impactos en el trabajo, ni\u00f1os, ni\u00f1as y adolescentes, creaci\u00f3n y propiedad intelectual, cultura de preservaci\u00f3n del patrimonio cultural, ecosistema digital seguro, regulaci\u00f3n e institucionalidad, articulaci\u00f3n internacional, medio ambiente y crisis clim\u00e1tica.<\/p>\n\n\n\n<p>Guido Girardi, desde Congreso Futuro, invit\u00f3 a los asistentes a participar: \u201cNos parece muy importante que la Pol\u00edtica de Inteligencia Artificial sea una pol\u00edtica ciudadana. Por eso queremos invitar a toda la gente que particip\u00f3 en el Congreso Futuro a opinar, porque si los ciudadanos y ciudadanas no entienden lo que es la IA estamos en un problema de falta de democracia. Si tantas cosas de las que hacemos est\u00e1n gobernadas por algoritmos y la ciudadan\u00eda los desconoce, \u00bfc\u00f3mo se incide en un mundo que se desconoce completamente? Es necesario involucrarnos\u201d, afirm\u00f3 el vicepresidente ejecutivo de Fundaci\u00f3n Encuentros de Futuro.<\/p>\n\n\n\n<p>Alvaro Soto, integrante del grupo asesor del Ministerio de Ciencia en temas de IA, afirm\u00f3: \u201cComo director del Centro Nacional de Inteligencia Artificial, CENIA, me toc\u00f3 participar en la elaboraci\u00f3n de la primera Pol\u00edtica Nacional de IA y ahora en esta actualizaci\u00f3n. Los acad\u00e9micos y expertos hicimos nuestra parte, y ahora les toca a los ciudadanos y ciudadanas hacer lo suyo, opinar y formar parte para decidir hacia d\u00f3nde queremos dejar que avance esta herramienta tecnol\u00f3gica\u201d.&nbsp;<\/p>\n\n\n\n<p>Para otro de los integrantes, el acad\u00e9mico de la Universidad de Chile Juan Vel\u00e1squez, \u201ctoda tecnolog\u00eda tiene una parte buena y una mala, y por eso es tan importante que todos pongan en esta consulta su punto de vista y aprendan un poquito de qu\u00e9 se trata lo que est\u00e1 pasando a nivel de algoritmos y creaciones. Porque esta tecnolog\u00eda es posiblemente lo m\u00e1s impresionante que vamos a ver en d\u00e9cadas, pero as\u00ed como puede ayudarnos a curar enfermedades tambi\u00e9n puede traer problemas de discriminaci\u00f3n, entre muchos otros. De ah\u00ed la importancia de que todos puedan dar su feedback para lo que pueda ser una futura regulaci\u00f3n\u201d.<\/p>\n","protected":false},"excerpt":{"rendered":"<p>Con el lanzamiento de una serie de c\u00e1psulas para ni\u00f1os y adolescentes sobre algoritmos, aprendizaje autom\u00e1tico, sesgos, m\u00e9todo cient\u00edfico y \u00e9tica, la ministra de Ciencia, Ais\u00e9n Etcheverry, present\u00f3 hoy en&#8230; <a class=\"read-more\" href=\"https:\/\/www.radiopresidenteibanez.cl\/web\/ministerio-de-ciencia-abre-consulta-ciudadana-para-actualizar-politica-nacional-de-inteligencia-artificial\/\">Leer m\u00e1s<\/a><\/p>\n","protected":false},"author":2,"featured_media":45866,"comment_status":"closed","ping_status":"closed","sticky":false,"template":"","format":"standard","meta":{"footnotes":""},"categories":[1],"tags":[],"class_list":["post-45865","post","type-post","status-publish","format-standard","has-post-thumbnail","hentry","category-cronica"],"_links":{"self":[{"href":"https:\/\/www.radiopresidenteibanez.cl\/web\/wp-json\/wp\/v2\/posts\/45865","targetHints":{"allow":["GET"]}}],"collection":[{"href":"https:\/\/www.radiopresidenteibanez.cl\/web\/wp-json\/wp\/v2\/posts"}],"about":[{"href":"https:\/\/www.radiopresidenteibanez.cl\/web\/wp-json\/wp\/v2\/types\/post"}],"author":[{"embeddable":true,"href":"https:\/\/www.radiopresidenteibanez.cl\/web\/wp-json\/wp\/v2\/users\/2"}],"replies":[{"embeddable":true,"href":"https:\/\/www.radiopresidenteibanez.cl\/web\/wp-json\/wp\/v2\/comments?post=45865"}],"version-history":[{"count":0,"href":"https:\/\/www.radiopresidenteibanez.cl\/web\/wp-json\/wp\/v2\/posts\/45865\/revisions"}],"wp:featuredmedia":[{"embeddable":true,"href":"https:\/\/www.radiopresidenteibanez.cl\/web\/wp-json\/wp\/v2\/media\/45866"}],"wp:attachment":[{"href":"https:\/\/www.radiopresidenteibanez.cl\/web\/wp-json\/wp\/v2\/media?parent=45865"}],"wp:term":[{"taxonomy":"category","embeddable":true,"href":"https:\/\/www.radiopresidenteibanez.cl\/web\/wp-json\/wp\/v2\/categories?post=45865"},{"taxonomy":"post_tag","embeddable":true,"href":"https:\/\/www.radiopresidenteibanez.cl\/web\/wp-json\/wp\/v2\/tags?post=45865"}],"curies":[{"name":"wp","href":"https:\/\/api.w.org\/{rel}","templated":true}]}}