{"id":45859,"date":"2024-01-23T10:39:00","date_gmt":"2024-01-23T13:39:00","guid":{"rendered":"https:\/\/www.radiopresidenteibanez.cl\/web\/?p=45859"},"modified":"2024-01-22T22:18:15","modified_gmt":"2024-01-23T01:18:15","slug":"cavi-22-anos-al-servicio-de-la-justicia-y-reparacion-integral-a-victimas-de-delitos-violentos","status":"publish","type":"post","link":"https:\/\/www.radiopresidenteibanez.cl\/web\/cavi-22-anos-al-servicio-de-la-justicia-y-reparacion-integral-a-victimas-de-delitos-violentos\/","title":{"rendered":"CAVI: 22 A\u00d1OS AL SERVICIO DE LA JUSTICIA Y REPARACI\u00d3N INTEGRAL A V\u00cdCTIMAS DE DELITOS VIOLENTOS"},"content":{"rendered":"\n<p>Este 29 de enero, el Centro de Atenci\u00f3n a V\u00edctimas de Delitos Violentos (CAVI) cumplir\u00e1 22 a\u00f1os en<br>la regi\u00f3n, brindando una silenciosa y significativa labor al alero de la Corporaci\u00f3n de Asistencia<br>Judicial (CAJ), como centro especializado que asiste a quienes han sufrido los delitos de la m\u00e1s alta<br>gravedad, y adem\u00e1s a sus familias, de manera de ayudarles a superar los efectos traum\u00e1ticos de la<br>violencia, y prevenir las consecuencias secundarias de ser v\u00edctima, junto a la protecci\u00f3n de sus<br>derechos.<br>Al respecto, Alejandro Donatti, Director Regional de la CAJ, destaca que el actual equipo del CAVI<br>sigue siendo el mismo que labora hace m\u00e1s de 15 a\u00f1os: Claudia Saiter Mu\u00f1oz, Coordinadora del<br>centro; Ximena Canales Mayorga, psic\u00f3loga; Martina Pradenas Uribe, abogada; y Mayra Montoya<br>Barrera, secretaria. Este trabajo de atenci\u00f3n a v\u00edctimas de delitos violentos mantiene<br>aproximadamente 50 casos vigentes actualmente, siendo su fuerte el privilegiar siempre la<br>atenci\u00f3n integral. En este modelo de intervenci\u00f3n \u00fanico a nivel institucional, \u201csi bien van unidas<br>las tres \u00e1reas, tanto judicial, psicol\u00f3gica y social, obviamente no nos medimos por el aspecto<br>judicial. Esto quiere decir que, si una causa termina judicialmente, pero hay una afectaci\u00f3n de la<br>v\u00edctima que contin\u00faa en el tiempo, el CAVI contin\u00faa prestando apoyo a esa v\u00edctima hasta ojal\u00e1<br>lograr la recuperaci\u00f3n o restablecimiento total de su situaci\u00f3n\u201d.<br>Durante la pandemia, en 2021 este organismo de representaci\u00f3n jur\u00eddica se traslad\u00f3 a su actual<br>inmueble en Roca N\u00b01034. All\u00ed, toda persona atendida puede tener acceso a ser representada<br>jur\u00eddicamente y reparada integralmente. Claudia Saiter Mu\u00f1oz, Coordinadora del centro, se\u00f1ala<br>que abrieron sus puertas en la regi\u00f3n en enero de 2002, antes de la Reforma Procesal Penal. En<br>estas dos d\u00e9cadas, la sociedad ha ido evolucionando y el grueso de las denuncias recibidas y<br>derivaciones de casos a CAVI las han obligado a ir adapt\u00e1ndose y especializ\u00e1ndose en una exigente<br>y comprometida funci\u00f3n. Su p\u00fablico usuario es mayoritariamente femenino y en promedio se<br>sit\u00faa entre los 10 y 16 a\u00f1os, registrando casos de ni\u00f1as desde los 4 a\u00f1os hasta personas adultas<br>mayores, en su mayor\u00eda v\u00edctimas de delitos sexuales intrafamiliares.<br>En el tiempo, esto se traduce hoy en un trabajo con una mirada de g\u00e9nero, \u00edntimamente ligada<br>con la calidad del servicio al momento de intervenir. Con un 97 por ciento de usuarios mujeres, el<\/p>\n\n\n\n<p>85 por ciento de casos atendidos son delitos sexuales de alta complejidad, y \u201cel hecho de ser<br>mujeres nos permite trabajar, diagnosticar e intervenir con una mirada de g\u00e9nero transversal. Hay<br>confianza a nivel profesional y la opini\u00f3n de cada una en su \u00e1rea es muy relevante y respetada<br>como equipo, y nos obliga a tener una mirada interdisciplinaria en cada caso. Las decisiones que se<br>van tomando como equipo responden de mejor manera a las necesidades de las v\u00edctimas\u201d.<br>Si bien hay muchas necesidades para mejorar su cometido, como infraestructura y mayores<br>recursos, la abogada Martina Pradenas coincide en que su fortaleza reside en su estabilidad como<br>equipo, junto a conocer el sistema, las redes, su experiencia y calidad profesional para manejar de<br>manera mucho m\u00e1s fluida la atenci\u00f3n de los casos. Destaca que \u201cajustamos nuestros objetivos a la<br>persona que tenemos, a qu\u00e9 quiere, qu\u00e9 necesita esa persona, y aunque se trate de un mismo<br>delito, las necesidades y estrategias van a ser absolutamente distintas, de acuerdo a las<br>necesidades. El humanizar, personalizar el trabajo: qui\u00e9n eres t\u00fa, qu\u00e9 necesitas y c\u00f3mo te podemos<br>ayudar, forman parte de las primeras preguntas que se formula a quien ingresa al centro\u201d.<br>A ello se suma que las personas se atreven m\u00e1s a denunciar, aunque \u201ccreo que la confianza en las<br>instituciones es todav\u00eda una tarea pendiente que tiene que ver con los resultados, que a veces no<br>cumplen las expectativas de las personas en cuanto al tiempo de respuesta del sistema judicial y,<br>por otro lado, respecto a las sanciones\u201d.<br>Al respecto, reconocen que afecta su trabajo cuando se generan demoras en el tema pericial por<br>no haber disponibilidad de horas en las instituciones, como en el caso de pericias f\u00edsicas, afectando<br>los avances en un proceso y desincentivando tambi\u00e9n a muchas v\u00edctimas, lo que tambi\u00e9n incide en<br>los procesos de intervenci\u00f3n y reparatorios.<br>A la luz del relevante aporte que representa la labor del CAVI, dentro de la Corporaci\u00f3n de<br>Asistencia Judicial, la Seremi de Justicia y Derechos Humanos, Michelle Peutat, resalta a la luz de<br>este nuevo aniversario, la calidad del grupo humano, la permanencia y el conocimiento que tienen<br>en las materias: \u201cSon el equipo de mayor data en el tiempo a nivel regional trabajando con<br>v\u00edctimas y eso se ve reflejado tambi\u00e9n en las y los usuarios en las encuestas de la instituci\u00f3n de<br>satisfacci\u00f3n usuaria, y de ah\u00ed que sean un referente en materias de atenci\u00f3n de v\u00edctimas desde la<br>Regi\u00f3n de Magallanes\u201d.<\/p>\n","protected":false},"excerpt":{"rendered":"<p>Este 29 de enero, el Centro de Atenci\u00f3n a V\u00edctimas de Delitos Violentos (CAVI) cumplir\u00e1 22 a\u00f1os enla regi\u00f3n, brindando una silenciosa y significativa labor al alero de la Corporaci\u00f3n&#8230; <a class=\"read-more\" href=\"https:\/\/www.radiopresidenteibanez.cl\/web\/cavi-22-anos-al-servicio-de-la-justicia-y-reparacion-integral-a-victimas-de-delitos-violentos\/\">Leer m\u00e1s<\/a><\/p>\n","protected":false},"author":2,"featured_media":45860,"comment_status":"closed","ping_status":"closed","sticky":false,"template":"","format":"standard","meta":{"footnotes":""},"categories":[1],"tags":[],"class_list":["post-45859","post","type-post","status-publish","format-standard","has-post-thumbnail","hentry","category-cronica"],"_links":{"self":[{"href":"https:\/\/www.radiopresidenteibanez.cl\/web\/wp-json\/wp\/v2\/posts\/45859","targetHints":{"allow":["GET"]}}],"collection":[{"href":"https:\/\/www.radiopresidenteibanez.cl\/web\/wp-json\/wp\/v2\/posts"}],"about":[{"href":"https:\/\/www.radiopresidenteibanez.cl\/web\/wp-json\/wp\/v2\/types\/post"}],"author":[{"embeddable":true,"href":"https:\/\/www.radiopresidenteibanez.cl\/web\/wp-json\/wp\/v2\/users\/2"}],"replies":[{"embeddable":true,"href":"https:\/\/www.radiopresidenteibanez.cl\/web\/wp-json\/wp\/v2\/comments?post=45859"}],"version-history":[{"count":0,"href":"https:\/\/www.radiopresidenteibanez.cl\/web\/wp-json\/wp\/v2\/posts\/45859\/revisions"}],"wp:featuredmedia":[{"embeddable":true,"href":"https:\/\/www.radiopresidenteibanez.cl\/web\/wp-json\/wp\/v2\/media\/45860"}],"wp:attachment":[{"href":"https:\/\/www.radiopresidenteibanez.cl\/web\/wp-json\/wp\/v2\/media?parent=45859"}],"wp:term":[{"taxonomy":"category","embeddable":true,"href":"https:\/\/www.radiopresidenteibanez.cl\/web\/wp-json\/wp\/v2\/categories?post=45859"},{"taxonomy":"post_tag","embeddable":true,"href":"https:\/\/www.radiopresidenteibanez.cl\/web\/wp-json\/wp\/v2\/tags?post=45859"}],"curies":[{"name":"wp","href":"https:\/\/api.w.org\/{rel}","templated":true}]}}