{"id":45821,"date":"2024-01-22T08:39:00","date_gmt":"2024-01-22T11:39:00","guid":{"rendered":"https:\/\/www.radiopresidenteibanez.cl\/web\/?p=45821"},"modified":"2024-01-22T10:16:10","modified_gmt":"2024-01-22T13:16:10","slug":"colegios-de-brasil-obtienen-sello-antartico-educacional-y-se-suman-a-la-alianza-polar-impulsada-por-la-umag","status":"publish","type":"post","link":"https:\/\/www.radiopresidenteibanez.cl\/web\/colegios-de-brasil-obtienen-sello-antartico-educacional-y-se-suman-a-la-alianza-polar-impulsada-por-la-umag\/","title":{"rendered":"COLEGIOS DE BRASIL OBTIENEN SELLO ANTARTICO EDUCACIONAL Y SE SUMAN A LA ALIANZA POLAR IMPULSADA POR LA UMAG"},"content":{"rendered":"\n<p>El Centro de investigaci\u00f3n GAIA Ant\u00e1rtica de la Universidad de Magallanes otorg\u00f3 nuevamente el Sello Ant\u00e1rtico Educacional, en esta ocasi\u00f3n, a tres colegios estatales de Brasil.La iniciativa que comenz\u00f3 10 a\u00f1os atr\u00e1s y con una expectativa netamente regional, tuvo la fortuna de extenderse a otras regiones del pa\u00eds y, posteriormente, al extranjero. Los primeros contactos internacionales fueron con Brasil, a ra\u00edz del conocimiento del programa \u00abLa Ruta de Iceberg\u00bb, que permite que los colegios trabajen durante dos a\u00f1os para desarrollar el conocimiento y la cultura ant\u00e1rtica entre sus alumnos y profesores.<\/p>\n\n\n\n<p>Por esta raz\u00f3n, recientemente la Universidad de Magallanes recibi\u00f3 en el Domo Ant\u00e1rtico a las profesoras&nbsp;<strong>Marlene Linz<\/strong>,de los establecimientos de ense\u00f1anza b\u00e1sica&nbsp;<em>Euzebio Da Mota<\/em>&nbsp;y&nbsp;<em>Luiza Ross<\/em>&nbsp;de la ciudad de Curitiba del Estado del Paran\u00e1,&nbsp;<strong>Claudia Gruber<\/strong>, tambi\u00e9n educadora del establecimiento Luiza Ross y<strong>&nbsp;Marleuza Fernandes<\/strong>,de&nbsp;<em>Gratulino de Freitas<\/em>, establecimiento de ense\u00f1anza Fundamental y Ense\u00f1anza Media de la localidad de Guataruba. Adem\u00e1s se aprovech\u00f3 la ocasi\u00f3n para entregar a la profesora Marlene Linz una certificaci\u00f3n por su participaci\u00f3n del Diplomado en Asuntos Ant\u00e1rticos que est\u00e1 dirigido a acad\u00e9micos y docentes.<\/p>\n\n\n\n<p><strong>El educador ant\u00e1rtico y coordinador de Vinculaci\u00f3n con el Medio del CIGA UMAG<\/strong>,&nbsp;<strong>Alfredo Soto Ortega<\/strong>, destac\u00f3 que, el proyecto ha cruzado incluso el Atl\u00e1ntico, \u201cya tenemos colegios con el Sello Ant\u00e1rtico en Portugal, Espa\u00f1a y, en su segundo a\u00f1o, un colegio biling\u00fce en Par\u00eds, Francia. Esto nos llena de orgullo, ya que contribuye a la difusi\u00f3n del conocimiento de nuestra Universidad de Magallanes, su ubicaci\u00f3n, su importancia y los programas que se est\u00e1n desarrollando.\u201d<\/p>\n\n\n\n<p>Para Soto, quien ha impulsado la iniciativa a nivel institucional, las y los profesores han sido y son un punto clave para la expansi\u00f3n del conocimiento de la Universidad de Magallanes y del Centro de Investigaci\u00f3n GAIA Ant\u00e1rtica. \u201cEn distintas instancias, ellos se han encargado de difundir el Sello Ant\u00e1rtico Educacional y de promover el conocimiento de la Ant\u00e1rtica en general a trav\u00e9s de sus propias experiencias educativas y de su participaci\u00f3n en distintas instancias. La pandemia por COVID-19 no fue una excepci\u00f3n, pues existieron varias ocasiones donde hubo contacto con distintos profesores que se interesaban en poder tener en sus aulas el conocimiento del sello y poder trabajarlo\u201d, resalt\u00f3.<\/p>\n\n\n\n<p><strong>Claudia Gruber, profesora del Colegio Luiza Ross<\/strong>&nbsp;remarca la importancia de la Ant\u00e1rtica para su comunidad educativa: \u201cLa Ant\u00e1rtica en Brasil es un nuevo mundo, es algo totalmente desconocido, entonces todo va a ser nuevo para nuestros j\u00f3venes. Por las cuestiones geogr\u00e1ficas, clim\u00e1ticas, hist\u00f3ricas y legendarias porque ac\u00e1 hay mucha riqueza cultural. Entonces va a ser un intercambio muy interesante para nosotros.\u201d<\/p>\n","protected":false},"excerpt":{"rendered":"<p>El Centro de investigaci\u00f3n GAIA Ant\u00e1rtica de la Universidad de Magallanes otorg\u00f3 nuevamente el Sello Ant\u00e1rtico Educacional, en esta ocasi\u00f3n, a tres colegios estatales de Brasil.La iniciativa que comenz\u00f3 10&#8230; <a class=\"read-more\" href=\"https:\/\/www.radiopresidenteibanez.cl\/web\/colegios-de-brasil-obtienen-sello-antartico-educacional-y-se-suman-a-la-alianza-polar-impulsada-por-la-umag\/\">Leer m\u00e1s<\/a><\/p>\n","protected":false},"author":2,"featured_media":45822,"comment_status":"closed","ping_status":"closed","sticky":false,"template":"","format":"standard","meta":{"footnotes":""},"categories":[1],"tags":[],"class_list":["post-45821","post","type-post","status-publish","format-standard","has-post-thumbnail","hentry","category-cronica"],"_links":{"self":[{"href":"https:\/\/www.radiopresidenteibanez.cl\/web\/wp-json\/wp\/v2\/posts\/45821","targetHints":{"allow":["GET"]}}],"collection":[{"href":"https:\/\/www.radiopresidenteibanez.cl\/web\/wp-json\/wp\/v2\/posts"}],"about":[{"href":"https:\/\/www.radiopresidenteibanez.cl\/web\/wp-json\/wp\/v2\/types\/post"}],"author":[{"embeddable":true,"href":"https:\/\/www.radiopresidenteibanez.cl\/web\/wp-json\/wp\/v2\/users\/2"}],"replies":[{"embeddable":true,"href":"https:\/\/www.radiopresidenteibanez.cl\/web\/wp-json\/wp\/v2\/comments?post=45821"}],"version-history":[{"count":0,"href":"https:\/\/www.radiopresidenteibanez.cl\/web\/wp-json\/wp\/v2\/posts\/45821\/revisions"}],"wp:featuredmedia":[{"embeddable":true,"href":"https:\/\/www.radiopresidenteibanez.cl\/web\/wp-json\/wp\/v2\/media\/45822"}],"wp:attachment":[{"href":"https:\/\/www.radiopresidenteibanez.cl\/web\/wp-json\/wp\/v2\/media?parent=45821"}],"wp:term":[{"taxonomy":"category","embeddable":true,"href":"https:\/\/www.radiopresidenteibanez.cl\/web\/wp-json\/wp\/v2\/categories?post=45821"},{"taxonomy":"post_tag","embeddable":true,"href":"https:\/\/www.radiopresidenteibanez.cl\/web\/wp-json\/wp\/v2\/tags?post=45821"}],"curies":[{"name":"wp","href":"https:\/\/api.w.org\/{rel}","templated":true}]}}