{"id":458,"date":"2019-01-14T18:36:02","date_gmt":"2019-01-14T18:36:02","guid":{"rendered":"http:\/\/www.radiopresidenteibanez.cl\/web\/?p=458"},"modified":"2019-01-14T18:36:10","modified_gmt":"2019-01-14T18:36:10","slug":"los-gobernadores-y-presidentes-de-partidos-del-actual-oficialismo-en-magallanes-entregaron-apoyo-a-la-gestion-de-maria-teresa-castanon","status":"publish","type":"post","link":"https:\/\/www.radiopresidenteibanez.cl\/web\/los-gobernadores-y-presidentes-de-partidos-del-actual-oficialismo-en-magallanes-entregaron-apoyo-a-la-gestion-de-maria-teresa-castanon\/","title":{"rendered":"LOS GOBERNADORES Y PRESIDENTES DE PARTIDOS DEL ACTUAL OFICIALISMO EN MAGALLANES ENTREGARON APOYO A LA GESTI\u00d3N DE MAR\u00cdA TERESA CASTA\u00d1\u00d3N"},"content":{"rendered":"\n<p>Pasadas las 14 horas, en dependencias de la Intendencia Regional de Magallanes, llegaron los actuales Gobernadores de las provincias de Magallanes, junto a los Presidentes de los partidos del actual oficialismo en la regi\u00f3n, para entregar su apoyo a la gesti\u00f3n de la actual Intendenta Mar\u00eda Teresa Casta\u00f1\u00f3n.<\/p>\n\n\n\n<p>As\u00ed tambi\u00e9n en la reuni\u00f3n se comenz\u00f3 a trabajar en una agenda de trabajo para este 2019.<\/p>\n\n\n\n<p>Cabe recordar que se habla de un posible cambio de Gabinete, el que afectar\u00eda a la Intendenta, Gobernador Cogler y cerca de cinco seremis.<\/p>\n\n\n\n<ul class=\"wp-block-gallery columns-2 is-cropped wp-block-gallery-1 is-layout-flex wp-block-gallery-is-layout-flex\"><li class=\"blocks-gallery-item\"><figure><img loading=\"lazy\" decoding=\"async\" width=\"1024\" height=\"683\" src=\"http:\/\/www.radiopresidenteibanez.cl\/web\/wp-content\/uploads\/2019\/01\/IMG-20190114-WA0021-1024x683.jpg\" alt=\"\" data-id=\"459\" data-link=\"http:\/\/www.radiopresidenteibanez.cl\/web\/?attachment_id=459\" class=\"wp-image-459\" srcset=\"https:\/\/www.radiopresidenteibanez.cl\/web\/wp-content\/uploads\/2019\/01\/IMG-20190114-WA0021-1024x683.jpg 1024w, https:\/\/www.radiopresidenteibanez.cl\/web\/wp-content\/uploads\/2019\/01\/IMG-20190114-WA0021-300x200.jpg 300w, https:\/\/www.radiopresidenteibanez.cl\/web\/wp-content\/uploads\/2019\/01\/IMG-20190114-WA0021-768x512.jpg 768w, https:\/\/www.radiopresidenteibanez.cl\/web\/wp-content\/uploads\/2019\/01\/IMG-20190114-WA0021.jpg 1280w\" sizes=\"auto, (max-width: 1024px) 100vw, 1024px\" \/><\/figure><\/li><li class=\"blocks-gallery-item\"><figure><img loading=\"lazy\" decoding=\"async\" width=\"1024\" height=\"683\" src=\"http:\/\/www.radiopresidenteibanez.cl\/web\/wp-content\/uploads\/2019\/01\/IMG-20190114-WA0022-1024x683.jpg\" alt=\"\" data-id=\"460\" data-link=\"http:\/\/www.radiopresidenteibanez.cl\/web\/?attachment_id=460\" class=\"wp-image-460\" srcset=\"https:\/\/www.radiopresidenteibanez.cl\/web\/wp-content\/uploads\/2019\/01\/IMG-20190114-WA0022-1024x683.jpg 1024w, https:\/\/www.radiopresidenteibanez.cl\/web\/wp-content\/uploads\/2019\/01\/IMG-20190114-WA0022-300x200.jpg 300w, https:\/\/www.radiopresidenteibanez.cl\/web\/wp-content\/uploads\/2019\/01\/IMG-20190114-WA0022-768x512.jpg 768w, https:\/\/www.radiopresidenteibanez.cl\/web\/wp-content\/uploads\/2019\/01\/IMG-20190114-WA0022.jpg 1280w\" sizes=\"auto, (max-width: 1024px) 100vw, 1024px\" \/><\/figure><\/li><\/ul>\n","protected":false},"excerpt":{"rendered":"<p>Pasadas las 14 horas, en dependencias de la Intendencia Regional de Magallanes, llegaron los actuales Gobernadores de las provincias de Magallanes, junto a los Presidentes de los partidos del actual&#8230; <a class=\"read-more\" href=\"https:\/\/www.radiopresidenteibanez.cl\/web\/los-gobernadores-y-presidentes-de-partidos-del-actual-oficialismo-en-magallanes-entregaron-apoyo-a-la-gestion-de-maria-teresa-castanon\/\">Leer m\u00e1s<\/a><\/p>\n","protected":false},"author":2,"featured_media":459,"comment_status":"closed","ping_status":"closed","sticky":false,"template":"","format":"standard","meta":{"footnotes":""},"categories":[1],"tags":[],"class_list":["post-458","post","type-post","status-publish","format-standard","has-post-thumbnail","hentry","category-cronica"],"_links":{"self":[{"href":"https:\/\/www.radiopresidenteibanez.cl\/web\/wp-json\/wp\/v2\/posts\/458","targetHints":{"allow":["GET"]}}],"collection":[{"href":"https:\/\/www.radiopresidenteibanez.cl\/web\/wp-json\/wp\/v2\/posts"}],"about":[{"href":"https:\/\/www.radiopresidenteibanez.cl\/web\/wp-json\/wp\/v2\/types\/post"}],"author":[{"embeddable":true,"href":"https:\/\/www.radiopresidenteibanez.cl\/web\/wp-json\/wp\/v2\/users\/2"}],"replies":[{"embeddable":true,"href":"https:\/\/www.radiopresidenteibanez.cl\/web\/wp-json\/wp\/v2\/comments?post=458"}],"version-history":[{"count":0,"href":"https:\/\/www.radiopresidenteibanez.cl\/web\/wp-json\/wp\/v2\/posts\/458\/revisions"}],"wp:featuredmedia":[{"embeddable":true,"href":"https:\/\/www.radiopresidenteibanez.cl\/web\/wp-json\/wp\/v2\/media\/459"}],"wp:attachment":[{"href":"https:\/\/www.radiopresidenteibanez.cl\/web\/wp-json\/wp\/v2\/media?parent=458"}],"wp:term":[{"taxonomy":"category","embeddable":true,"href":"https:\/\/www.radiopresidenteibanez.cl\/web\/wp-json\/wp\/v2\/categories?post=458"},{"taxonomy":"post_tag","embeddable":true,"href":"https:\/\/www.radiopresidenteibanez.cl\/web\/wp-json\/wp\/v2\/tags?post=458"}],"curies":[{"name":"wp","href":"https:\/\/api.w.org\/{rel}","templated":true}]}}