{"id":4576,"date":"2019-05-26T22:46:14","date_gmt":"2019-05-26T22:46:14","guid":{"rendered":"http:\/\/www.radiopresidenteibanez.cl\/web\/?p=4576"},"modified":"2019-05-27T01:57:58","modified_gmt":"2019-05-27T01:57:58","slug":"dos-lesionados-dejo-colision-en-punta-arenas","status":"publish","type":"post","link":"https:\/\/www.radiopresidenteibanez.cl\/web\/dos-lesionados-dejo-colision-en-punta-arenas\/","title":{"rendered":"DOS LESIONADOS DEJO COLISI\u00d3N EN PUNTA ARENAS"},"content":{"rendered":"\n<p>Pasadas las 18.30 horas de este domingo, una colisi\u00f3n se produjo entre una camioneta y un Hyundai Porter, en las intersecciones de avenida Salvador Allende y calle Zenteno, hasta el lugar debieron concurrir voluntarios de la 1ra Compa\u00f1\u00eda de Bomberos, quienes trabajaron para atender a los conductores que se encontraban atrapados al interior de los veh\u00edculos.<\/p>\n\n\n\n<p>Hasta el momento se desconoce el como ocurri\u00f3 la colisi\u00f3n, pero si que el conductor del Porter manejaba bajo los efectos del alcohol, Samu traslad\u00f3 a los dos lesionados hasta las dependencias del Hospital Cl\u00ednico de Magallanes, mientras que Carabineros tom\u00f3 el procedimiento de rigor en estos casos.<\/p>\n\n\n\n<figure class=\"wp-block-image\"><img loading=\"lazy\" decoding=\"async\" width=\"960\" height=\"720\" src=\"https:\/\/www.radiopresidenteibanez.cl\/web\/wp-content\/uploads\/2019\/05\/FB_IMG_1558906814923.jpg\" alt=\"\" class=\"wp-image-4577\" srcset=\"https:\/\/www.radiopresidenteibanez.cl\/web\/wp-content\/uploads\/2019\/05\/FB_IMG_1558906814923.jpg 960w, https:\/\/www.radiopresidenteibanez.cl\/web\/wp-content\/uploads\/2019\/05\/FB_IMG_1558906814923-300x225.jpg 300w, https:\/\/www.radiopresidenteibanez.cl\/web\/wp-content\/uploads\/2019\/05\/FB_IMG_1558906814923-768x576.jpg 768w\" sizes=\"auto, (max-width: 960px) 100vw, 960px\" \/><figcaption>imagen rr.ss<\/figcaption><\/figure>\n","protected":false},"excerpt":{"rendered":"<p>Pasadas las 18.30 horas de este domingo, una colisi\u00f3n se produjo entre una camioneta y un Hyundai Porter, en las intersecciones de avenida Salvador Allende y calle Zenteno, hasta el&#8230; <a class=\"read-more\" href=\"https:\/\/www.radiopresidenteibanez.cl\/web\/dos-lesionados-dejo-colision-en-punta-arenas\/\">Leer m\u00e1s<\/a><\/p>\n","protected":false},"author":2,"featured_media":4577,"comment_status":"closed","ping_status":"closed","sticky":false,"template":"","format":"standard","meta":{"footnotes":""},"categories":[1],"tags":[],"class_list":["post-4576","post","type-post","status-publish","format-standard","has-post-thumbnail","hentry","category-cronica"],"_links":{"self":[{"href":"https:\/\/www.radiopresidenteibanez.cl\/web\/wp-json\/wp\/v2\/posts\/4576","targetHints":{"allow":["GET"]}}],"collection":[{"href":"https:\/\/www.radiopresidenteibanez.cl\/web\/wp-json\/wp\/v2\/posts"}],"about":[{"href":"https:\/\/www.radiopresidenteibanez.cl\/web\/wp-json\/wp\/v2\/types\/post"}],"author":[{"embeddable":true,"href":"https:\/\/www.radiopresidenteibanez.cl\/web\/wp-json\/wp\/v2\/users\/2"}],"replies":[{"embeddable":true,"href":"https:\/\/www.radiopresidenteibanez.cl\/web\/wp-json\/wp\/v2\/comments?post=4576"}],"version-history":[{"count":0,"href":"https:\/\/www.radiopresidenteibanez.cl\/web\/wp-json\/wp\/v2\/posts\/4576\/revisions"}],"wp:featuredmedia":[{"embeddable":true,"href":"https:\/\/www.radiopresidenteibanez.cl\/web\/wp-json\/wp\/v2\/media\/4577"}],"wp:attachment":[{"href":"https:\/\/www.radiopresidenteibanez.cl\/web\/wp-json\/wp\/v2\/media?parent=4576"}],"wp:term":[{"taxonomy":"category","embeddable":true,"href":"https:\/\/www.radiopresidenteibanez.cl\/web\/wp-json\/wp\/v2\/categories?post=4576"},{"taxonomy":"post_tag","embeddable":true,"href":"https:\/\/www.radiopresidenteibanez.cl\/web\/wp-json\/wp\/v2\/tags?post=4576"}],"curies":[{"name":"wp","href":"https:\/\/api.w.org\/{rel}","templated":true}]}}