{"id":45737,"date":"2024-01-18T09:17:00","date_gmt":"2024-01-18T12:17:00","guid":{"rendered":"https:\/\/www.radiopresidenteibanez.cl\/web\/?p=45737"},"modified":"2024-01-19T09:49:39","modified_gmt":"2024-01-19T12:49:39","slug":"serviu-informa-sobre-cobro-de-tarifa-electrica-de-espacios-comunes-en-condominio-social","status":"publish","type":"post","link":"https:\/\/www.radiopresidenteibanez.cl\/web\/serviu-informa-sobre-cobro-de-tarifa-electrica-de-espacios-comunes-en-condominio-social\/","title":{"rendered":"SERVIU INFORMA SOBRE COBRO DE TARIFA EL\u00c9CTRICA DE ESPACIOS COMUNES EN CONDOMINIO SOCIAL."},"content":{"rendered":"\n<p>Respecto del cobro que la Empresa El\u00e9ctrica de Magallanes (Edelmag) est\u00e1 realizando a familias del condominio Monte Sarmiento, en la comuna de Punta Arenas, el Director (S) del Servicio de Vivienda y Urbanizaci\u00f3n, Omar Gonz\u00e1lez Asenjo, inform\u00f3 que estos corresponden al consumo en espacios comunes de la copropiedad y que se est\u00e1n haciendo las gestiones para que puedan ser prorrateados.<\/p>\n\n\n\n<p>\u201cEs importante se\u00f1alar que la Ley de Copropiedad Inmobiliaria establece que son responsables de la mantenci\u00f3n de los espacios comunes y de los gastos que se deriven de su uso, las familias que forman parte de la comunidad y que son copropietarias de dicho espacio\u201d, explica la autoridad.<\/p>\n\n\n\n<p>Esto le fue informado a las familias, en los a\u00f1os 2021 y 2022, previo a la entrega de las viviendas en las reuniones que establece el Plan de Acompa\u00f1amiento Social que la entidad patrocinante a cargo del proyecto debe realizar, de acuerdo con la normativa.<\/p>\n\n\n\n<p>De igual forma, el Director (S) del Serviu invit\u00f3 a las familias y\/o a la directiva vigente a que, si tienen dudas sobre la normativa de copropiedad, se acerquen al Servicio para poder asesorarlas en esta materia.<\/p>\n\n\n\n<p>En paralelo, en noviembre de 2023 el Serviu Magallanes ofici\u00f3 a Edelmag para solicitar el prorrateo de dichos cobros. \u201cDe esta forma, buscamos que sea m\u00e1s sencillo para las familias poder realizar los pagos. Tambi\u00e9n se comunic\u00f3 a la Superintendencia de Electricidad y Combustible para que est\u00e9 al tanto y pueda pronunciarse\u201d, finaliz\u00f3.<\/p>\n","protected":false},"excerpt":{"rendered":"<p>Respecto del cobro que la Empresa El\u00e9ctrica de Magallanes (Edelmag) est\u00e1 realizando a familias del condominio Monte Sarmiento, en la comuna de Punta Arenas, el Director (S) del Servicio de&#8230; <a class=\"read-more\" href=\"https:\/\/www.radiopresidenteibanez.cl\/web\/serviu-informa-sobre-cobro-de-tarifa-electrica-de-espacios-comunes-en-condominio-social\/\">Leer m\u00e1s<\/a><\/p>\n","protected":false},"author":2,"featured_media":45738,"comment_status":"closed","ping_status":"closed","sticky":false,"template":"","format":"standard","meta":{"footnotes":""},"categories":[1],"tags":[],"class_list":["post-45737","post","type-post","status-publish","format-standard","has-post-thumbnail","hentry","category-cronica"],"_links":{"self":[{"href":"https:\/\/www.radiopresidenteibanez.cl\/web\/wp-json\/wp\/v2\/posts\/45737","targetHints":{"allow":["GET"]}}],"collection":[{"href":"https:\/\/www.radiopresidenteibanez.cl\/web\/wp-json\/wp\/v2\/posts"}],"about":[{"href":"https:\/\/www.radiopresidenteibanez.cl\/web\/wp-json\/wp\/v2\/types\/post"}],"author":[{"embeddable":true,"href":"https:\/\/www.radiopresidenteibanez.cl\/web\/wp-json\/wp\/v2\/users\/2"}],"replies":[{"embeddable":true,"href":"https:\/\/www.radiopresidenteibanez.cl\/web\/wp-json\/wp\/v2\/comments?post=45737"}],"version-history":[{"count":0,"href":"https:\/\/www.radiopresidenteibanez.cl\/web\/wp-json\/wp\/v2\/posts\/45737\/revisions"}],"wp:featuredmedia":[{"embeddable":true,"href":"https:\/\/www.radiopresidenteibanez.cl\/web\/wp-json\/wp\/v2\/media\/45738"}],"wp:attachment":[{"href":"https:\/\/www.radiopresidenteibanez.cl\/web\/wp-json\/wp\/v2\/media?parent=45737"}],"wp:term":[{"taxonomy":"category","embeddable":true,"href":"https:\/\/www.radiopresidenteibanez.cl\/web\/wp-json\/wp\/v2\/categories?post=45737"},{"taxonomy":"post_tag","embeddable":true,"href":"https:\/\/www.radiopresidenteibanez.cl\/web\/wp-json\/wp\/v2\/tags?post=45737"}],"curies":[{"name":"wp","href":"https:\/\/api.w.org\/{rel}","templated":true}]}}