{"id":45731,"date":"2024-01-17T16:39:00","date_gmt":"2024-01-17T19:39:00","guid":{"rendered":"https:\/\/www.radiopresidenteibanez.cl\/web\/?p=45731"},"modified":"2024-01-19T09:55:46","modified_gmt":"2024-01-19T12:55:46","slug":"postulaciones-a-la-educacion-superior-mujeres-seleccionadas-en-carreras-de-ciencia-y-tecnologia-aumentan-en-168","status":"publish","type":"post","link":"https:\/\/www.radiopresidenteibanez.cl\/web\/postulaciones-a-la-educacion-superior-mujeres-seleccionadas-en-carreras-de-ciencia-y-tecnologia-aumentan-en-168\/","title":{"rendered":"POSTULACIONES A LA EDUCACI\u00d3N SUPERIOR: MUJERES SELECCIONADAS EN CARRERAS DE CIENCIA Y TECNOLOG\u00cdA AUMENTAN EN 16,8 %\u00a0"},"content":{"rendered":"\n<p>Este martes el subsecretario de Educaci\u00f3n Superior, V\u00edctor Orellana; la directora del DEMRE, Leonor Varas; y la rectora de la Universidad de Chile, Rosa Dev\u00e9s, dieron a conocer los resultados de las postulaciones para la admisi\u00f3n universitaria 2024, efectuadas entre el 2 y el 5 de enero.&nbsp;<\/p>\n\n\n\n<p>Uno de los resultados m\u00e1s relevantes fue el aumento de mujeres seleccionadas en carreras de ciencia, tecnolog\u00eda, ingenier\u00eda y matem\u00e1ticas (STEM, por su sigla en ingl\u00e9s), que alcanz\u00f3 un 16,8% respecto del a\u00f1o pasado, con lo que la representaci\u00f3n de mujeres en estas carreras pas\u00f3 de 27,2% a 30,2% este a\u00f1o. &nbsp;<\/p>\n\n\n\n<p>Una de las razones que explica esto es la implementaci\u00f3n del programa M\u00e1s Mujeres Cient\u00edficas (+MC), que entrega cupos adicionales a mujeres que deseen estudiar carreras de estas \u00e1reas, lo que permiti\u00f3 que las postulaciones de este tipo aumentaran en 6,5%.&nbsp;<\/p>\n\n\n\n<p>Tambi\u00e9n se registr\u00f3 un incremento de 30% en las personas seleccionadas gracias al programa PACE, lo que se traduce en 435 postulantes m\u00e1s, dada la ampliaci\u00f3n del n\u00famero de estudiantes habilitados y en cupos, especialmente en carreras de alta demanda. A esto se suma un aumento de 52,8% de personas en situaci\u00f3n de discapacidad y con necesidades educativas especiales que solicitaron ajustes a la PAES y que fueron admitidas. &nbsp;<\/p>\n\n\n\n<p>En este proceso, el total de seleccionados ascendi\u00f3 a 150.494 personas, considerando todas las v\u00edas centralizadas, un aumento de 5,1% respecto al a\u00f1o anterior, equivalente a 7.283 seleccionados. Considerando s\u00f3lo la v\u00eda regular, se registraron 146.326 personas seleccionadas, 4,1% m\u00e1s que el a\u00f1o anterior.&nbsp; &nbsp;<\/p>\n\n\n\n<p>El&nbsp;<strong>subsecretario de Educaci\u00f3n Superior, V\u00edctor Orellana,<\/strong>&nbsp;explic\u00f3 que&nbsp;\u201cse ha diversificado el acceso a la educaci\u00f3n superior, lo que ha permitido que grupos que antes ten\u00edan menor participaci\u00f3n hoy puedan llegar en mayor proporci\u00f3n a la educaci\u00f3n superior. La incorporaci\u00f3n de m\u00e1s mujeres en carreras de ciencias, tecnolog\u00edas, ingenier\u00eda y matem\u00e1ticas bajo la pol\u00edtica +MC, adem\u00e1s del incremento de personas seleccionadas mediante cupos PACE, lo mismo con personas en situaci\u00f3n de discapacidad (PeSD) o con necesidades educativas especiales (NEE), dan cuenta de que el trabajo realizado para incorporar cambios y mejorar el sistema de acceso a la educaci\u00f3n superior comienza a consolidarse\u201d. &nbsp;<\/p>\n\n\n\n<p>\u201cEsto nos pone a la altura de las necesidades que tenemos como pa\u00eds y, lo m\u00e1s importante, permite posicionar a la educaci\u00f3n al servicio del desarrollo humano sostenible de Chile. Para alcanzar el crecimiento productivo que necesitamos es imperativo seguir en este camino e ir realizando los ajustes que sean necesarios\u201d, agreg\u00f3 el subsecretario.&nbsp;<\/p>\n\n\n\n<p>En tanto, la&nbsp;<strong>directora del DEMRE, Leonor Varas,<\/strong>&nbsp;destac\u00f3 los resultados de postulaciones de mujeres. \u201cNos alegra que el mensaje haya llegado, que las mujeres sientan que las universidades y, sobre todo, las carreras de ingenier\u00eda, ciencias, matem\u00e1ticas, tecnolog\u00eda, las invitan y las necesitan para lograr una mayor diversidad en sus aulas y de ese modo aportar a una mejor formaci\u00f3n de todos y todas, lo que contribuye a la excelencia de esas carreras. Esperamos que ese efecto se intensifique con la consolidaci\u00f3n y el mayor conocimiento que exista de las vacantes +MC\u201d, dijo.&nbsp;<\/p>\n\n\n\n<p>Por su parte, la&nbsp;<strong>rectora de la Universidad de Chile, Rosa Dev\u00e9s,<\/strong>&nbsp;sostuvo que \u201ces motivo de gran alegr\u00eda que hoy 150.494 postulantes reciban la muy positiva noticia de su admisi\u00f3n a una carrera universitaria. Representa la concreci\u00f3n de un anhelo que abre nuevos caminos de realizaci\u00f3n para ellos y ellas en lo personal, y para el pa\u00eds en su conjunto. Nos alegramos del alto inter\u00e9s que se observa por los estudios de pedagog\u00eda, con 13.472 seleccionados, manteni\u00e9ndose los niveles del proceso anterior\u201d.&nbsp;<\/p>\n\n\n\n<p>\u201cTambi\u00e9n es motivo de celebraci\u00f3n el positivo efecto del programa +MC, que incrementa la cantidad de mujeres en carreras STEM. Los programas de equidad e inclusi\u00f3n centralizados como BEA, PACE y +MC son enormemente importantes y es destacable que se hayan ido ampliando. Para la Universidad de Chile es un orgullo la gran responsabilidad hist\u00f3rica que tenemos en este proceso a trav\u00e9s de la labor del DEMRE\u201d, a\u00f1adi\u00f3 la rectora.&nbsp;<\/p>\n\n\n\n<p><strong>En Magallanes<\/strong><\/p>\n\n\n\n<p>En la Regi\u00f3n de Magallanes y de la Ant\u00e1rtica Chilena, hubo 1.141 personas seleccionadas. Por v\u00eda regular, se registraron 1.120 postulantes, 6 por cupos adicionales a las vacantes regulares para mujeres que deseen ingresar a una carrera relacionada con la ciencia, tecnolog\u00eda, matem\u00e1tica e ingenier\u00eda (+MC), 3 por la Beca Excelencia Acad\u00e9mica (BEA) y 12 por el Programa de Acceso a la Educaci\u00f3n Superior (PACE).<\/p>\n\n\n\n<p>En lo que respecta a la distribuci\u00f3n por g\u00e9nero, cabe mencionar que del total, 615 son mujeres y 526 hombres.<\/p>\n\n\n\n<p>El seremi de Educaci\u00f3n, Valent\u00edn Aguilera G\u00f3mez, explic\u00f3 que \u201ces importante destacar que un gran porcentaje de las personas seleccionadas en nuestra regi\u00f3n son mujeres, disminuyendo en este caso las brechas de acceso a la Educaci\u00f3n Superior. Adem\u00e1s de valorar las nuevas modalidades de ingreso que ha implementado nuestro gobierno como lo son el PACE y M\u00e1s Mujeres Cient\u00edficas (+MC), que entregan m\u00e1s alternativas a las y los estudiantes\u201d.<\/p>\n","protected":false},"excerpt":{"rendered":"<p>Este martes el subsecretario de Educaci\u00f3n Superior, V\u00edctor Orellana; la directora del DEMRE, Leonor Varas; y la rectora de la Universidad de Chile, Rosa Dev\u00e9s, dieron a conocer los resultados&#8230; <a class=\"read-more\" href=\"https:\/\/www.radiopresidenteibanez.cl\/web\/postulaciones-a-la-educacion-superior-mujeres-seleccionadas-en-carreras-de-ciencia-y-tecnologia-aumentan-en-168\/\">Leer m\u00e1s<\/a><\/p>\n","protected":false},"author":2,"featured_media":45732,"comment_status":"closed","ping_status":"closed","sticky":false,"template":"","format":"standard","meta":{"footnotes":""},"categories":[1],"tags":[],"class_list":["post-45731","post","type-post","status-publish","format-standard","has-post-thumbnail","hentry","category-cronica"],"_links":{"self":[{"href":"https:\/\/www.radiopresidenteibanez.cl\/web\/wp-json\/wp\/v2\/posts\/45731","targetHints":{"allow":["GET"]}}],"collection":[{"href":"https:\/\/www.radiopresidenteibanez.cl\/web\/wp-json\/wp\/v2\/posts"}],"about":[{"href":"https:\/\/www.radiopresidenteibanez.cl\/web\/wp-json\/wp\/v2\/types\/post"}],"author":[{"embeddable":true,"href":"https:\/\/www.radiopresidenteibanez.cl\/web\/wp-json\/wp\/v2\/users\/2"}],"replies":[{"embeddable":true,"href":"https:\/\/www.radiopresidenteibanez.cl\/web\/wp-json\/wp\/v2\/comments?post=45731"}],"version-history":[{"count":0,"href":"https:\/\/www.radiopresidenteibanez.cl\/web\/wp-json\/wp\/v2\/posts\/45731\/revisions"}],"wp:featuredmedia":[{"embeddable":true,"href":"https:\/\/www.radiopresidenteibanez.cl\/web\/wp-json\/wp\/v2\/media\/45732"}],"wp:attachment":[{"href":"https:\/\/www.radiopresidenteibanez.cl\/web\/wp-json\/wp\/v2\/media?parent=45731"}],"wp:term":[{"taxonomy":"category","embeddable":true,"href":"https:\/\/www.radiopresidenteibanez.cl\/web\/wp-json\/wp\/v2\/categories?post=45731"},{"taxonomy":"post_tag","embeddable":true,"href":"https:\/\/www.radiopresidenteibanez.cl\/web\/wp-json\/wp\/v2\/tags?post=45731"}],"curies":[{"name":"wp","href":"https:\/\/api.w.org\/{rel}","templated":true}]}}