{"id":4573,"date":"2019-05-26T22:34:27","date_gmt":"2019-05-26T22:34:27","guid":{"rendered":"http:\/\/www.radiopresidenteibanez.cl\/web\/?p=4573"},"modified":"2019-05-26T22:35:06","modified_gmt":"2019-05-26T22:35:06","slug":"javiera-zuniga-oyarzo-es-la-nueva-reina-de-puerto-natales-en-su-aniversario-108","status":"publish","type":"post","link":"https:\/\/www.radiopresidenteibanez.cl\/web\/javiera-zuniga-oyarzo-es-la-nueva-reina-de-puerto-natales-en-su-aniversario-108\/","title":{"rendered":"JAVIERA Z\u00da\u00d1IGA OYARZO ES LA NUEVA REINA DE PUERTO NATALES EN SU ANIVERSARIO 108"},"content":{"rendered":"\n<p>Una gala llena de m\u00fasica y risas, llenaron las dependencias\ndel Polideportivo de Puerto Natales, en la oportunidad se presentaron en el\nescenario la cantante nacional Mar\u00eda Jos\u00e9 Quintanilla y el humorista argentino,\nJorge Al\u00eds, as\u00ed tambi\u00e9n se realiz\u00f3 la coronaci\u00f3n de la soberana en el\naniversario 108.<\/p>\n\n\n\n<p>En la ocasi\u00f3n Javiera Z\u00fa\u00f1iga Oyarzo, fue coronada como reina\nde Puerto Natales, y ser\u00e1 la sucesora de Anasol Mansilla quien se quedar\u00e1 con\nla corona el a\u00f1o 2018.<\/p>\n\n\n\n<p>En el resto de las premiaciones quedaron como Miss Simpat\u00eda,\nB\u00e1rbara Vel\u00e1squez Fr\u00edas; Miss Fotog\u00e9nica, Javiera Z\u00fa\u00f1iga Oyarzo; como segunda\nVirreina fue electa Claudia C\u00e1rdenas Ojeda y como primera Virreina, Daniela\nUribe Navarro.<\/p>\n\n\n\n<p>Cabe mencionar que las actividades cerrar\u00e1n el mes con los fuego artificiales.<\/p>\n\n\n\n<figure class=\"wp-block-image\"><img loading=\"lazy\" decoding=\"async\" width=\"960\" height=\"640\" src=\"https:\/\/www.radiopresidenteibanez.cl\/web\/wp-content\/uploads\/2019\/05\/FB_IMG_1558892865238.jpg\" alt=\"\" class=\"wp-image-4574\" srcset=\"https:\/\/www.radiopresidenteibanez.cl\/web\/wp-content\/uploads\/2019\/05\/FB_IMG_1558892865238.jpg 960w, https:\/\/www.radiopresidenteibanez.cl\/web\/wp-content\/uploads\/2019\/05\/FB_IMG_1558892865238-300x200.jpg 300w, https:\/\/www.radiopresidenteibanez.cl\/web\/wp-content\/uploads\/2019\/05\/FB_IMG_1558892865238-768x512.jpg 768w\" sizes=\"auto, (max-width: 960px) 100vw, 960px\" \/><figcaption>Anasol Mansilla, Javiera Z\u00fa\u00f1iga y Fernando Paredes<\/figcaption><\/figure>\n","protected":false},"excerpt":{"rendered":"<p>Una gala llena de m\u00fasica y risas, llenaron las dependencias del Polideportivo de Puerto Natales, en la oportunidad se presentaron en el escenario la cantante nacional Mar\u00eda Jos\u00e9 Quintanilla y&#8230; <a class=\"read-more\" href=\"https:\/\/www.radiopresidenteibanez.cl\/web\/javiera-zuniga-oyarzo-es-la-nueva-reina-de-puerto-natales-en-su-aniversario-108\/\">Leer m\u00e1s<\/a><\/p>\n","protected":false},"author":2,"featured_media":4574,"comment_status":"closed","ping_status":"closed","sticky":false,"template":"","format":"standard","meta":{"footnotes":""},"categories":[1],"tags":[],"class_list":["post-4573","post","type-post","status-publish","format-standard","has-post-thumbnail","hentry","category-cronica"],"_links":{"self":[{"href":"https:\/\/www.radiopresidenteibanez.cl\/web\/wp-json\/wp\/v2\/posts\/4573","targetHints":{"allow":["GET"]}}],"collection":[{"href":"https:\/\/www.radiopresidenteibanez.cl\/web\/wp-json\/wp\/v2\/posts"}],"about":[{"href":"https:\/\/www.radiopresidenteibanez.cl\/web\/wp-json\/wp\/v2\/types\/post"}],"author":[{"embeddable":true,"href":"https:\/\/www.radiopresidenteibanez.cl\/web\/wp-json\/wp\/v2\/users\/2"}],"replies":[{"embeddable":true,"href":"https:\/\/www.radiopresidenteibanez.cl\/web\/wp-json\/wp\/v2\/comments?post=4573"}],"version-history":[{"count":0,"href":"https:\/\/www.radiopresidenteibanez.cl\/web\/wp-json\/wp\/v2\/posts\/4573\/revisions"}],"wp:featuredmedia":[{"embeddable":true,"href":"https:\/\/www.radiopresidenteibanez.cl\/web\/wp-json\/wp\/v2\/media\/4574"}],"wp:attachment":[{"href":"https:\/\/www.radiopresidenteibanez.cl\/web\/wp-json\/wp\/v2\/media?parent=4573"}],"wp:term":[{"taxonomy":"category","embeddable":true,"href":"https:\/\/www.radiopresidenteibanez.cl\/web\/wp-json\/wp\/v2\/categories?post=4573"},{"taxonomy":"post_tag","embeddable":true,"href":"https:\/\/www.radiopresidenteibanez.cl\/web\/wp-json\/wp\/v2\/tags?post=4573"}],"curies":[{"name":"wp","href":"https:\/\/api.w.org\/{rel}","templated":true}]}}