{"id":4569,"date":"2019-05-26T16:34:17","date_gmt":"2019-05-26T16:34:17","guid":{"rendered":"http:\/\/www.radiopresidenteibanez.cl\/web\/?p=4569"},"modified":"2019-05-26T16:34:45","modified_gmt":"2019-05-26T16:34:45","slug":"3-de-junio-colegio-de-profesores-llama-a-paro-nacional-indefinido","status":"publish","type":"post","link":"https:\/\/www.radiopresidenteibanez.cl\/web\/3-de-junio-colegio-de-profesores-llama-a-paro-nacional-indefinido\/","title":{"rendered":"3 DE JUNIO: COLEGIO DE PROFESORES LLAMA A PARO NACIONAL INDEFINIDO"},"content":{"rendered":"\n<p>En una asamblea los docentes\ndefinieron el inicio de un paro nacional indefinido a partir del 3 de junio, con\nla que exigen una respuesta digna por parte del Ministerio de Educaci\u00f3n y del\nGobierno al petitorio gremial presentado en abril de 2018, que incluye demandas\ncomo la titularidad de las extensiones horarias, el pago de menci\u00f3n a\neducadoras de p\u00e1rvulos y diferenciales y el fin de la doble evaluaci\u00f3n docente,\nentre otras.<\/p>\n\n\n\n<p>44,77% de los votos de la Asamblea se inclinaron por la opci\u00f3n de Paro Indefinido, el 23,84% vot\u00f3 por un Paro Escalonado y Ascendente, el 12,79% se inclin\u00f3 por la opci\u00f3n No Paro y s\u00ed a otras formas de manifestaci\u00f3n y el 12,79% de los dirigentes opt\u00f3 por una Marcha Nacional del Profesorado y con posterioridad a ella evaluar el Paro Nacional.<\/p>\n\n\n\n<figure class=\"wp-block-image\"><img loading=\"lazy\" decoding=\"async\" width=\"1024\" height=\"458\" src=\"http:\/\/www.radiopresidenteibanez.cl\/web\/wp-content\/uploads\/2019\/05\/profesores-1024x458.jpg\" alt=\"\" class=\"wp-image-4570\" srcset=\"https:\/\/www.radiopresidenteibanez.cl\/web\/wp-content\/uploads\/2019\/05\/profesores-1024x458.jpg 1024w, https:\/\/www.radiopresidenteibanez.cl\/web\/wp-content\/uploads\/2019\/05\/profesores-300x134.jpg 300w, https:\/\/www.radiopresidenteibanez.cl\/web\/wp-content\/uploads\/2019\/05\/profesores-768x344.jpg 768w, https:\/\/www.radiopresidenteibanez.cl\/web\/wp-content\/uploads\/2019\/05\/profesores.jpg 1030w\" sizes=\"auto, (max-width: 1024px) 100vw, 1024px\" \/><\/figure>\n","protected":false},"excerpt":{"rendered":"<p>En una asamblea los docentes definieron el inicio de un paro nacional indefinido a partir del 3 de junio, con la que exigen una respuesta digna por parte del Ministerio&#8230; <a class=\"read-more\" href=\"https:\/\/www.radiopresidenteibanez.cl\/web\/3-de-junio-colegio-de-profesores-llama-a-paro-nacional-indefinido\/\">Leer m\u00e1s<\/a><\/p>\n","protected":false},"author":2,"featured_media":4570,"comment_status":"closed","ping_status":"closed","sticky":false,"template":"","format":"standard","meta":{"footnotes":""},"categories":[1],"tags":[],"class_list":["post-4569","post","type-post","status-publish","format-standard","has-post-thumbnail","hentry","category-cronica"],"_links":{"self":[{"href":"https:\/\/www.radiopresidenteibanez.cl\/web\/wp-json\/wp\/v2\/posts\/4569","targetHints":{"allow":["GET"]}}],"collection":[{"href":"https:\/\/www.radiopresidenteibanez.cl\/web\/wp-json\/wp\/v2\/posts"}],"about":[{"href":"https:\/\/www.radiopresidenteibanez.cl\/web\/wp-json\/wp\/v2\/types\/post"}],"author":[{"embeddable":true,"href":"https:\/\/www.radiopresidenteibanez.cl\/web\/wp-json\/wp\/v2\/users\/2"}],"replies":[{"embeddable":true,"href":"https:\/\/www.radiopresidenteibanez.cl\/web\/wp-json\/wp\/v2\/comments?post=4569"}],"version-history":[{"count":0,"href":"https:\/\/www.radiopresidenteibanez.cl\/web\/wp-json\/wp\/v2\/posts\/4569\/revisions"}],"wp:featuredmedia":[{"embeddable":true,"href":"https:\/\/www.radiopresidenteibanez.cl\/web\/wp-json\/wp\/v2\/media\/4570"}],"wp:attachment":[{"href":"https:\/\/www.radiopresidenteibanez.cl\/web\/wp-json\/wp\/v2\/media?parent=4569"}],"wp:term":[{"taxonomy":"category","embeddable":true,"href":"https:\/\/www.radiopresidenteibanez.cl\/web\/wp-json\/wp\/v2\/categories?post=4569"},{"taxonomy":"post_tag","embeddable":true,"href":"https:\/\/www.radiopresidenteibanez.cl\/web\/wp-json\/wp\/v2\/tags?post=4569"}],"curies":[{"name":"wp","href":"https:\/\/api.w.org\/{rel}","templated":true}]}}