{"id":45688,"date":"2024-01-16T10:48:20","date_gmt":"2024-01-16T13:48:20","guid":{"rendered":"https:\/\/www.radiopresidenteibanez.cl\/web\/?p=45688"},"modified":"2024-01-16T10:53:57","modified_gmt":"2024-01-16T13:53:57","slug":"publicada-la-ley-karin-sobre-acoso-laboral-sexual-y-violencia-en-el-trabajo","status":"publish","type":"post","link":"https:\/\/www.radiopresidenteibanez.cl\/web\/publicada-la-ley-karin-sobre-acoso-laboral-sexual-y-violencia-en-el-trabajo\/","title":{"rendered":"PUBLICADA LA LEY KARIN SOBRE ACOSO LABORAL, SEXUAL Y VIOLENCIA EN EL TRABAJO."},"content":{"rendered":"\n<p><a href=\"http:\/\/www.13.cl\/\" data-type=\"link\" data-id=\"www.13.cl\/\">www.13.cl\/<\/a> <\/p>\n\n\n\n<p>Este lunes 15 de enero se public\u00f3 en el Diario Oficial la&nbsp;<strong>Ley 21.643<\/strong>, tambi\u00e9n conocida como&nbsp;<strong>Ley Karin<\/strong>, que modifica&nbsp;el C\u00f3digo de Trabajo en materia de prevenci\u00f3n, investigaci\u00f3n y sanci\u00f3n del acoso laboral, sexual o de violencia en el trabajo.<\/p>\n\n\n\n<p>Es importante mencionar que la nueva norma lleva el nombre de \u00abLey Karin\u00bb, a ra\u00edz de la profesional&nbsp;<strong>Karin Salgado<\/strong>, quien trabajaba como&nbsp;TENS en el Hospital Herminda Martin de Chill\u00e1n y se suicid\u00f3 por el constante acoso laboral.&nbsp;<\/p>\n\n\n\n<p>Por lo mismo, es importante tener en consideraci\u00f3n los\u00a0<strong>cambios\u00a0<\/strong>y\u00a0<strong>modificaciones\u00a0<\/strong>que integr\u00f3 esta nueva norma.<\/p>\n\n\n\n<figure class=\"wp-block-image size-full is-resized\"><img loading=\"lazy\" decoding=\"async\" width=\"653\" height=\"431\" src=\"https:\/\/www.radiopresidenteibanez.cl\/web\/wp-content\/uploads\/2024\/01\/image-4.png\" alt=\"\" class=\"wp-image-45689\" style=\"width:838px;height:auto\" srcset=\"https:\/\/www.radiopresidenteibanez.cl\/web\/wp-content\/uploads\/2024\/01\/image-4.png 653w, https:\/\/www.radiopresidenteibanez.cl\/web\/wp-content\/uploads\/2024\/01\/image-4-300x198.png 300w\" sizes=\"auto, (max-width: 653px) 100vw, 653px\" \/><\/figure>\n\n\n\n<p><\/p>\n\n\n\n<p>La nueva Ley Karin redefine lo que se entiende por acoso sexual, siendo todo lo que una persona realice de forma indebida, por cualquier medio, donde se pidan requerimientos de car\u00e1cter sexual, no consentidos y que amenacen o perjudiquen su situaci\u00f3n laboral u oportunidades en el empleo.\u00a0<\/p>\n\n\n\n<p>De igual forma, redefine acoso laboral, siendo toda la conducta&nbsp;que constituya una agresi\u00f3n u hostigamiento ejercido por el empleador o por uno o m\u00e1s trabajadores en contra de otro u otros trabajadores. Esto sea por cualquier medio donde se manifieste una vez o de forma reiterada y que tenga como resultado el menoscabo, maltrato o humillaci\u00f3n.&nbsp;<\/p>\n\n\n\n<p>Asimismo, las trabajadoras y trabajadores tendr\u00e1n el derecho a que su empleador adopte e implemente las medidas destinadas a prevenir, investigar y sancionar conductas de acoso sexual, laboral y violencia en el lugar de trabajo, basado en un protocolo que se debe elaborar.&nbsp;<\/p>\n\n\n\n<p>De iniciarse un procedimiento de investigaci\u00f3n, debe estar sujeto a la confidencialidad, imparcialidad, celeridad y perspectiva de g\u00e9nero.&nbsp;<\/p>\n\n\n\n<p>En el caso de ser v\u00edctima de acoso sexual, laboral o violencia de trabajo, tendr\u00e1s que hacer llegar su denuncia por escrito o manera verbal a la empresa, establecimiento o servicio, o en la Inspecci\u00f3n del Trabajo.&nbsp;<\/p>\n\n\n\n<p>Si la denuncia es realizada verbalmente, se debe levantar un acta que ser\u00e1 firmada por la persona denunciante. Una copia ser\u00e1 entregada al denunciante y una vez que se reciba dicha renuncia , el empleador adoptar\u00e1 inmediatamente las medidas de resguardo que sean necesarias.&nbsp;<\/p>\n\n\n\n<p>En caso de que la denuncia sea realizada en la Inspecci\u00f3n del Trabajo, se solicitar\u00e1 al empleador la adopci\u00f3n de una o m\u00e1s medidas de resguardo con un plazo m\u00e1ximo de dos d\u00edas h\u00e1biles, que se tendr\u00e1n que adoptar de forma inmediata.&nbsp;<\/p>\n\n\n\n<p>Asimismo, en el \u00e1mbito de la administraci\u00f3n p\u00fablica, se debe ejercer seg\u00fan el respeto del derecho de toda persona, siendo el trabajo una ocasi\u00f3n a disfrutar de espacios libres de violencia, acoso laboral y sexual. Los \u00f3rganos de la Administraci\u00f3n del Estado deber\u00e1n tomar todas las medidas necesarias para su prevenci\u00f3n, investigaci\u00f3n y sanci\u00f3n.<\/p>\n\n\n\n<p>Asimismo, los \u00f3rganos de la Administraci\u00f3n del Estado deber\u00e1n contar con un protocolo de prevenci\u00f3n de la violencia en el trabajo, el acoso laboral y sexual para promover el buen trato, ambientes laborales saludables y respeto a la dignidad de las personas, el que considerar\u00e1 acciones de difusi\u00f3n, sensibilizaci\u00f3n, formaci\u00f3n y monitoreo.<\/p>\n\n\n\n<p>Enlace al Diario Oficial: <a href=\"https:\/\/www.diariooficial.interior.gob.cl\/edicionelectronica\/index.php?date=15-01-2024&amp;edition=43750\">Ley Karin<\/a><\/p>\n","protected":false},"excerpt":{"rendered":"<p>www.13.cl\/ Este lunes 15 de enero se public\u00f3 en el Diario Oficial la&nbsp;Ley 21.643, tambi\u00e9n conocida como&nbsp;Ley Karin, que modifica&nbsp;el C\u00f3digo de Trabajo en materia de prevenci\u00f3n, investigaci\u00f3n y sanci\u00f3n&#8230; <a class=\"read-more\" href=\"https:\/\/www.radiopresidenteibanez.cl\/web\/publicada-la-ley-karin-sobre-acoso-laboral-sexual-y-violencia-en-el-trabajo\/\">Leer m\u00e1s<\/a><\/p>\n","protected":false},"author":2,"featured_media":45694,"comment_status":"closed","ping_status":"closed","sticky":false,"template":"","format":"standard","meta":{"footnotes":""},"categories":[1],"tags":[134,122,133],"class_list":["post-45688","post","type-post","status-publish","format-standard","has-post-thumbnail","hentry","category-cronica","tag-abuso-y-acoso","tag-gobierno","tag-leyes"],"_links":{"self":[{"href":"https:\/\/www.radiopresidenteibanez.cl\/web\/wp-json\/wp\/v2\/posts\/45688","targetHints":{"allow":["GET"]}}],"collection":[{"href":"https:\/\/www.radiopresidenteibanez.cl\/web\/wp-json\/wp\/v2\/posts"}],"about":[{"href":"https:\/\/www.radiopresidenteibanez.cl\/web\/wp-json\/wp\/v2\/types\/post"}],"author":[{"embeddable":true,"href":"https:\/\/www.radiopresidenteibanez.cl\/web\/wp-json\/wp\/v2\/users\/2"}],"replies":[{"embeddable":true,"href":"https:\/\/www.radiopresidenteibanez.cl\/web\/wp-json\/wp\/v2\/comments?post=45688"}],"version-history":[{"count":0,"href":"https:\/\/www.radiopresidenteibanez.cl\/web\/wp-json\/wp\/v2\/posts\/45688\/revisions"}],"wp:featuredmedia":[{"embeddable":true,"href":"https:\/\/www.radiopresidenteibanez.cl\/web\/wp-json\/wp\/v2\/media\/45694"}],"wp:attachment":[{"href":"https:\/\/www.radiopresidenteibanez.cl\/web\/wp-json\/wp\/v2\/media?parent=45688"}],"wp:term":[{"taxonomy":"category","embeddable":true,"href":"https:\/\/www.radiopresidenteibanez.cl\/web\/wp-json\/wp\/v2\/categories?post=45688"},{"taxonomy":"post_tag","embeddable":true,"href":"https:\/\/www.radiopresidenteibanez.cl\/web\/wp-json\/wp\/v2\/tags?post=45688"}],"curies":[{"name":"wp","href":"https:\/\/api.w.org\/{rel}","templated":true}]}}