{"id":45678,"date":"2024-01-16T15:39:00","date_gmt":"2024-01-16T18:39:00","guid":{"rendered":"https:\/\/www.radiopresidenteibanez.cl\/web\/?p=45678"},"modified":"2024-01-16T08:38:28","modified_gmt":"2024-01-16T11:38:28","slug":"congreso-futuro-2024-inaugura-sudecimotercera-version-para-hablar-de-oportunidad-y-desafios-de-la-inteligenciaartificial","status":"publish","type":"post","link":"https:\/\/www.radiopresidenteibanez.cl\/web\/congreso-futuro-2024-inaugura-sudecimotercera-version-para-hablar-de-oportunidad-y-desafios-de-la-inteligenciaartificial\/","title":{"rendered":"CONGRESO FUTURO 2024 INAUGURA SUDECIMOTERCERA VERSI\u00d3N PARA HABLAR DE OPORTUNIDAD Y DESAF\u00cdOS DE LA INTELIGENCIAARTIFICIAL"},"content":{"rendered":"\n<p>La ma\u00f1ana de este lunes, en el Centro Cultural CEINA, se inaugur\u00f3 oficialmente la<br>decimotercera versi\u00f3n del Congreso Futuro 2024, que durante toda la semana se<br>transformar\u00e1 en un portal hacia el futuro.<br>La ceremonia estuvo marcada por la presencia del Presidente Gabriel Boric, el ex<br>presidente Sebasti\u00e1n Pi\u00f1era, ministros, senadores, diputados, autoridades del poder<br>judicial, alcaldes, y representantes de las m\u00e1s diversas \u00e1reas del mundo cient\u00edfico y<br>tecnol\u00f3gico, reunidos para abordar los desaf\u00edos, oportunidades y amenazas del<br>avance de la Inteligencia Artificial, bajo la premisa \u201c\u00bfIAhora qu\u00e9 hacemos\u201d.<br>Tras su discurso, el Presidente Boric se\u00f1al\u00f3 que \u201cCongreso Futuro es un motivo<br>para sentirnos orgullosos. Chile tiene grandes cient\u00edficos y cient\u00edficas, desde Chile<br>se aporta al mundo, se mira al universo, estamos desarrollando tecnolog\u00eda para toda<br>Am\u00e9rica Latina. Hay muchos motivos para sentirnos orgullosos, pero tambi\u00e9n<br>muchos desaf\u00edos. Vamos a seguir trabajando en esta l\u00ednea\u201d.<br>La actividad tambi\u00e9n cont\u00f3 con la presentaci\u00f3n de la artista nacional Denise<br>Rosenthal, quien realiz\u00f3 un in\u00e9dito espect\u00e1culo usando herramientas de vanguardia<br>como lo son la Realidad Aumentada, el Sonido Inmersivo y la Holograf\u00eda,<br>permitiendo a la audiencia vivir una experiencia inmersiva capaz de traspasar los<br>l\u00edmites de lo presencial. Espect\u00e1culo que cont\u00f3 con el desarrollo de 6 compa\u00f1\u00edas<br>productoras convocadas el Centro para la Revoluci\u00f3n Tecnol\u00f3gica en Industrias<br>Creativas (CRTIC).<br>Para el Vicepresidente ejecutivo de Fundaci\u00f3n Encuentros del Futuro, Guido Girardi,<br>Congreso Futuro \u201ctiene algo que es muy especial, que es que le pertenece a todos<br>y todas. Es la alianza de todas las universidades chilenas, p\u00fablicas y privadas. Es la<br>alianza con el Senado y la C\u00e1mara de Diputados, con la izquierda y la derecha. Es<br>la alianza con los territorios, con los empresarios, con la sociedad civil. El Congreso<br>Futuro es un espacio de encuentro en un mundo donde no hay encuentro, tiene la<br>vocaci\u00f3n de todos y todas generar pensamiento nuevo para enfrentar los desaf\u00edos<br>del pa\u00eds\u201d.<br>El presidente del Senado, Juan Antonio Coloma, recalc\u00f3 que \u201cestamos ante el<br>evento m\u00e1s importante de Latinoam\u00e9rica en materia de futuro con un tema que es el<br>m\u00e1s importante hoy para la humanidad, el c\u00f3mo enfrentamos el tema de la<br>Inteligencia Artificial. Hay dos opciones, dejar que las cosas ocurran sin pensar<br>nada, y la otra es haci\u00e9ndose cargo, con sus tremendas oportunidades y desaf\u00edos. Y<br>para resolver bien hay que escuchar, y eso es lo que estamos haciendo con los<br>principales cient\u00edficos del mundo, para ver c\u00f3mo hacemos que esto sea un paso<br>hacia adelante en el mayor cambio hist\u00f3rico de la humanidad y no que sea el \u00faltimo<br>paso\u201d.<br>Por su parte, la ministra de Ciencia, Tecnolog\u00eda, Conocimiento e Innovaci\u00f3n, Ais\u00e9n<br>Etcheverry, apunt\u00f3 que \u201cCongreso Futuro es un espacio de encuentro de todos<br>quienes somos apasionados por la ciencia y la tecnolog\u00eda, pero sobre todo de<br>aquellos que pensamos que sin ciencia y tecnolog\u00eda los pa\u00edses no se desarrollan.<br>Ese convencimiento hoy d\u00eda es una pieza fundamental de las pol\u00edticas p\u00fablicas que<br>estamos impulsando desde el gobierno, donde a m\u00ed como Ministra de Ciencia y con<br>el apoyo del Presidente, me ha tocado ver ese proceso de transversalizaci\u00f3n. Hoy<br>d\u00eda las pol\u00edticas de desarrollo productivo, las pol\u00edticas de desarrollo social, las<br>pol\u00edticas de educaci\u00f3n, tienen un componente de ciencia y tecnolog\u00eda que nos<br>permiten pensar en el futuro, construir no solo para las necesidades de hoy, sino<br>que tambi\u00e9n para el pa\u00eds que viene\u00bb.<br>El Pdte. (S) de la Comisi\u00f3n Desaf\u00edos del Futuro, senador Francisco Chahu\u00e1n,<br>manifest\u00f3 que \u201cesperamos que este sea el inicio para poder sacar adelante una de<br>las primeras leyes de Inteligencia Artificial de las Am\u00e9ricas, estamos trabajando para<br>que eso ocurra. El futuro no distingue entre izquierdas y derechas, el futuro va a ser<br>mejor o peor si somos capaces de construir los consensos respecto a qu\u00e9 pa\u00eds<br>queremos desarrollar hacia adelante\u201d.<br>La alcaldesa de la Municipalidad de Santiago, Irac\u00ed Hassler agreg\u00f3 que \u201cestamos<br>muy contentos y contentas del desarrollo de Congreso Futuro en nuestra comuna de<br>Santiago, especialmente vinculado a nuestra educaci\u00f3n p\u00fablica. Nos enorgullece<br>que sea el momento y el espacio de la reflexi\u00f3n cr\u00edtica y del encuentro de distintos<br>saberes y conocimientos, tanto de nuestro pa\u00eds como del mundo\u201d.<br>La directora ejecutiva del Centro Cultural CEINA, Francisca Las Heras, indic\u00f3 que<br>\u201ccuando pensamos en el futuro no podemos hacerlo sin los j\u00f3venes, as\u00ed es que para<br>nosotros tiene todo el sentido hacer el Congreso aqu\u00ed, para pensar el futuro con<br>ellos y para ellos, que ya son nuestro ma\u00f1ana. Esperamos que este sea el<br>comienzo de una alianza larga y duradera\u201d.<\/p>\n\n\n\n<p><br>Durante la semana de Congreso Futuro 2024, los expositores tambi\u00e9n viajar\u00e1n a<br>todas las regiones del pa\u00eds, con el prop\u00f3sito de abordar tem\u00e1ticas que impactan a<br>los territorios y sus habitantes, garantizando la transferencia de conocimiento de<br>estos destacados pensadores hacia las comunidades locales. Dependiendo de la<br>regi\u00f3n que visiten abordar\u00e1n contenidos pensados especialmente para ellos, como:<br>dise\u00f1o de f\u00e1rmacos, \u00e9tica de la IA y contaminaci\u00f3n del oc\u00e9ano por pl\u00e1sticos, entre<br>otros temas.<\/p>\n","protected":false},"excerpt":{"rendered":"<p>La ma\u00f1ana de este lunes, en el Centro Cultural CEINA, se inaugur\u00f3 oficialmente ladecimotercera versi\u00f3n del Congreso Futuro 2024, que durante toda la semana setransformar\u00e1 en un portal hacia el&#8230; <a class=\"read-more\" href=\"https:\/\/www.radiopresidenteibanez.cl\/web\/congreso-futuro-2024-inaugura-sudecimotercera-version-para-hablar-de-oportunidad-y-desafios-de-la-inteligenciaartificial\/\">Leer m\u00e1s<\/a><\/p>\n","protected":false},"author":2,"featured_media":45679,"comment_status":"closed","ping_status":"closed","sticky":false,"template":"","format":"standard","meta":{"footnotes":""},"categories":[1],"tags":[],"class_list":["post-45678","post","type-post","status-publish","format-standard","has-post-thumbnail","hentry","category-cronica"],"_links":{"self":[{"href":"https:\/\/www.radiopresidenteibanez.cl\/web\/wp-json\/wp\/v2\/posts\/45678","targetHints":{"allow":["GET"]}}],"collection":[{"href":"https:\/\/www.radiopresidenteibanez.cl\/web\/wp-json\/wp\/v2\/posts"}],"about":[{"href":"https:\/\/www.radiopresidenteibanez.cl\/web\/wp-json\/wp\/v2\/types\/post"}],"author":[{"embeddable":true,"href":"https:\/\/www.radiopresidenteibanez.cl\/web\/wp-json\/wp\/v2\/users\/2"}],"replies":[{"embeddable":true,"href":"https:\/\/www.radiopresidenteibanez.cl\/web\/wp-json\/wp\/v2\/comments?post=45678"}],"version-history":[{"count":0,"href":"https:\/\/www.radiopresidenteibanez.cl\/web\/wp-json\/wp\/v2\/posts\/45678\/revisions"}],"wp:featuredmedia":[{"embeddable":true,"href":"https:\/\/www.radiopresidenteibanez.cl\/web\/wp-json\/wp\/v2\/media\/45679"}],"wp:attachment":[{"href":"https:\/\/www.radiopresidenteibanez.cl\/web\/wp-json\/wp\/v2\/media?parent=45678"}],"wp:term":[{"taxonomy":"category","embeddable":true,"href":"https:\/\/www.radiopresidenteibanez.cl\/web\/wp-json\/wp\/v2\/categories?post=45678"},{"taxonomy":"post_tag","embeddable":true,"href":"https:\/\/www.radiopresidenteibanez.cl\/web\/wp-json\/wp\/v2\/tags?post=45678"}],"curies":[{"name":"wp","href":"https:\/\/api.w.org\/{rel}","templated":true}]}}