{"id":45666,"date":"2024-01-16T10:43:00","date_gmt":"2024-01-16T13:43:00","guid":{"rendered":"https:\/\/www.radiopresidenteibanez.cl\/web\/?p=45666"},"modified":"2024-01-16T08:20:23","modified_gmt":"2024-01-16T11:20:23","slug":"sag-magallanes-intercepta-una-veintena-de-aves-tras-detectar-intento-de-ingreso-clandestino","status":"publish","type":"post","link":"https:\/\/www.radiopresidenteibanez.cl\/web\/sag-magallanes-intercepta-una-veintena-de-aves-tras-detectar-intento-de-ingreso-clandestino\/","title":{"rendered":"SAG MAGALLANES INTERCEPTA UNA VEINTENA DE AVES TRAS DETECTAR INTENTO DE INGRESO CLANDESTINO"},"content":{"rendered":"\n<p>Bajo el asiento posterior de un veh\u00edculo, en compartimientos de doble fondo y confinados en peque\u00f1as cajas de cart\u00f3n, fueron detectados 24 ejemplares de distintas variedades de aves ornamentales tipo canarios, diamantes y manones, los cuales eran transportados clandestinamente por el paso Integraci\u00f3n Austral sin contar con la certificaci\u00f3n sanitaria correspondiente.<\/p>\n\n\n\n<p>Tras el hallazgo, los espec\u00edmenes fueron examinadas por funcionarios del SAG quienes constataron algunas lesiones menores en las extremidades inferiores de las aves, no observ\u00e1ndose signos cl\u00ednicos atribuibles a alguna patolog\u00eda infecto contagiosa, y descart\u00e1ndose que se trate de especies listadas en alguno de los ap\u00e9ndices CITES (Convenci\u00f3n sobre el Comercio Internacional de Especies Amenazadas de Fauna y Flora Silvestres).<\/p>\n\n\n\n<p>Al respecto, el encargado regional de control frontera de SAG Magallanes, Christian von Moltke Cornils, explic\u00f3 que para el ingreso de aves a Chile, estas deben venir amparadas por un certificado zoosanitario de importaci\u00f3n, otorgado por la autoridad sanitaria competente del pa\u00eds de procedencia, que acredite el cumplimiento de las exigencias sanitarias requeridas, adjuntando los protocolos de las pruebas diagn\u00f3sticas y los tratamientos realizados, a fin de evitar el ingreso de enfermedades, como por ejemplo, la influenza aviar.<\/p>\n\n\n\n<p>As\u00ed mismo, precis\u00f3 que el transporte de las aves desde el lugar de origen hasta su lugar de embarque a Chile, se debe realizar en veh\u00edculos o compartimentos que aseguren el mantenimiento de sus condiciones higi\u00e9nicas, sanitarias y de bienestar animal, situaci\u00f3n que no se cumpl\u00eda en este caso.<\/p>\n\n\n\n<p>Por lo anterior, y siguiendo los protocolos establecidos para estos casos, las aves fueron regresadas a su pa\u00eds de origen, siendo entregadas a funcionarios de gendarmer\u00eda argentina para su disposici\u00f3n final.<\/p>\n\n\n\n<p>Ante consultas o denuncias sobre esta u otras materias de competencia SAG, visite&nbsp;<a href=\"http:\/\/www.sag.cl\/\" target=\"_blank\" rel=\"noreferrer noopener\">www.sag.cl<\/a>, cont\u00e1ctese con la oficina SAG m\u00e1s cercana o escr\u00edbanos al correo&nbsp;<a href=\"mailto:contacto.magallanes@sag.gob.cl\" target=\"_blank\" rel=\"noreferrer noopener\">contacto.magallanes@sag.gob.cl<\/a>.\u201d<\/p>\n","protected":false},"excerpt":{"rendered":"<p>Bajo el asiento posterior de un veh\u00edculo, en compartimientos de doble fondo y confinados en peque\u00f1as cajas de cart\u00f3n, fueron detectados 24 ejemplares de distintas variedades de aves ornamentales tipo&#8230; <a class=\"read-more\" href=\"https:\/\/www.radiopresidenteibanez.cl\/web\/sag-magallanes-intercepta-una-veintena-de-aves-tras-detectar-intento-de-ingreso-clandestino\/\">Leer m\u00e1s<\/a><\/p>\n","protected":false},"author":2,"featured_media":45667,"comment_status":"closed","ping_status":"closed","sticky":false,"template":"","format":"standard","meta":{"footnotes":""},"categories":[1],"tags":[],"class_list":["post-45666","post","type-post","status-publish","format-standard","has-post-thumbnail","hentry","category-cronica"],"_links":{"self":[{"href":"https:\/\/www.radiopresidenteibanez.cl\/web\/wp-json\/wp\/v2\/posts\/45666","targetHints":{"allow":["GET"]}}],"collection":[{"href":"https:\/\/www.radiopresidenteibanez.cl\/web\/wp-json\/wp\/v2\/posts"}],"about":[{"href":"https:\/\/www.radiopresidenteibanez.cl\/web\/wp-json\/wp\/v2\/types\/post"}],"author":[{"embeddable":true,"href":"https:\/\/www.radiopresidenteibanez.cl\/web\/wp-json\/wp\/v2\/users\/2"}],"replies":[{"embeddable":true,"href":"https:\/\/www.radiopresidenteibanez.cl\/web\/wp-json\/wp\/v2\/comments?post=45666"}],"version-history":[{"count":0,"href":"https:\/\/www.radiopresidenteibanez.cl\/web\/wp-json\/wp\/v2\/posts\/45666\/revisions"}],"wp:featuredmedia":[{"embeddable":true,"href":"https:\/\/www.radiopresidenteibanez.cl\/web\/wp-json\/wp\/v2\/media\/45667"}],"wp:attachment":[{"href":"https:\/\/www.radiopresidenteibanez.cl\/web\/wp-json\/wp\/v2\/media?parent=45666"}],"wp:term":[{"taxonomy":"category","embeddable":true,"href":"https:\/\/www.radiopresidenteibanez.cl\/web\/wp-json\/wp\/v2\/categories?post=45666"},{"taxonomy":"post_tag","embeddable":true,"href":"https:\/\/www.radiopresidenteibanez.cl\/web\/wp-json\/wp\/v2\/tags?post=45666"}],"curies":[{"name":"wp","href":"https:\/\/api.w.org\/{rel}","templated":true}]}}