{"id":45663,"date":"2024-01-16T09:57:00","date_gmt":"2024-01-16T12:57:00","guid":{"rendered":"https:\/\/www.radiopresidenteibanez.cl\/web\/?p=45663"},"modified":"2024-01-16T08:17:01","modified_gmt":"2024-01-16T11:17:01","slug":"porque-vive-justiciero-en-el-hierro-bravo-y-fino-del-machete-campesino-y-del-fuksil-del-obrero-canta-carlos-puebla","status":"publish","type":"post","link":"https:\/\/www.radiopresidenteibanez.cl\/web\/porque-vive-justiciero-en-el-hierro-bravo-y-fino-del-machete-campesino-y-del-fuksil-del-obrero-canta-carlos-puebla\/","title":{"rendered":"Porque vive justiciero en el hierro bravo y fino del machete campesino y del fuksil del obrero ..\u00bb canta Carlos Puebla"},"content":{"rendered":"\n<p>Cada vez que se dice que antes de la dictadura est\u00e1bamos mejor que ahora en materias de derecho laboral, hay miradas de desd\u00e9n y acusaciones de negacionismo .<br>Entonces, a los que juzgan cerrando los ojos hay que volver a recordarles que la jornada de trabajo fue de 8 horas por d\u00eda en la legislaci\u00f3n laboral hasta que la dictadura anul\u00f3 ese derecho.<br>Tampoco pueden olvidar que una de las m\u00e1s importantes promesas que hicieron fue establecer el pago de las indemnizaciones por a\u00f1os de servicio sin tope, como estaba antes del golpe militar.<br>Hoy la indemnizaci\u00f3n llega a once meses como m\u00e1ximo y la jornada de trabajo semanal puede cumplirse en 4, 5 o 6 d\u00edas, existiendo el serio riesgo de que aquellos que no est\u00e1n sindicalizados (aunque tambi\u00e9n los que est\u00e1n si hay una direcci\u00f3n sindical blandengue) terminen pactando una jornada en ciclos de hasta 4 semanas y afecta a cambios diarios y semanales seg\u00fan el ciclo que las partes acuerden. Todo lo anterior avalado por la feble postura del sindicalismo organizado, mayormente dispuesto a pactos y acuerdos sin consulta a los trabajadores.<\/p>\n\n\n\n<p>2.- Lentos pero seguros los patrones y sus representantes han ido disminuyendo los efectos de algunas normas legales que a\u00fan subsisten y benefician al trabajador.<br>Los patrones salen de vacaciones en verano y aprovechan de gastar lo que les genera el esfuerzo de los trabajadores, pero estos \u00faltimos no tienen aseguradas las vacaciones en esa etapa de a\u00f1o.<br>Las vacaciones, dice la legislaci\u00f3n, deben tomarse de preferencia en primavera o verano, pero siempre considerando las necesidades del servicio. Incluso el empleador puede determinar feriado colectivo en la fecha en que a \u00e9l m\u00e1s le convenga.<br>Por eso dirigentes y trabajadores deben tener presente lo que establece el Reglamento 969, de 1933, que aunque algo torpedeado, indica que se debe solicitar por escrito el feriado 30 d\u00edas antes indicando la fecha.<br>Por cierto deben cruzar los dedos, para que el empleador no les ponga trabas.<br>\u00bfAvances a favor de los trabajadores?<br>Pocas verdades, muchas mentiras.<\/p>\n","protected":false},"excerpt":{"rendered":"<p>Cada vez que se dice que antes de la dictadura est\u00e1bamos mejor que ahora en materias de derecho laboral, hay miradas de desd\u00e9n y acusaciones de negacionismo .Entonces, a los&#8230; <a class=\"read-more\" href=\"https:\/\/www.radiopresidenteibanez.cl\/web\/porque-vive-justiciero-en-el-hierro-bravo-y-fino-del-machete-campesino-y-del-fuksil-del-obrero-canta-carlos-puebla\/\">Leer m\u00e1s<\/a><\/p>\n","protected":false},"author":2,"featured_media":45664,"comment_status":"closed","ping_status":"closed","sticky":false,"template":"","format":"standard","meta":{"footnotes":""},"categories":[1],"tags":[],"class_list":["post-45663","post","type-post","status-publish","format-standard","has-post-thumbnail","hentry","category-cronica"],"_links":{"self":[{"href":"https:\/\/www.radiopresidenteibanez.cl\/web\/wp-json\/wp\/v2\/posts\/45663","targetHints":{"allow":["GET"]}}],"collection":[{"href":"https:\/\/www.radiopresidenteibanez.cl\/web\/wp-json\/wp\/v2\/posts"}],"about":[{"href":"https:\/\/www.radiopresidenteibanez.cl\/web\/wp-json\/wp\/v2\/types\/post"}],"author":[{"embeddable":true,"href":"https:\/\/www.radiopresidenteibanez.cl\/web\/wp-json\/wp\/v2\/users\/2"}],"replies":[{"embeddable":true,"href":"https:\/\/www.radiopresidenteibanez.cl\/web\/wp-json\/wp\/v2\/comments?post=45663"}],"version-history":[{"count":0,"href":"https:\/\/www.radiopresidenteibanez.cl\/web\/wp-json\/wp\/v2\/posts\/45663\/revisions"}],"wp:featuredmedia":[{"embeddable":true,"href":"https:\/\/www.radiopresidenteibanez.cl\/web\/wp-json\/wp\/v2\/media\/45664"}],"wp:attachment":[{"href":"https:\/\/www.radiopresidenteibanez.cl\/web\/wp-json\/wp\/v2\/media?parent=45663"}],"wp:term":[{"taxonomy":"category","embeddable":true,"href":"https:\/\/www.radiopresidenteibanez.cl\/web\/wp-json\/wp\/v2\/categories?post=45663"},{"taxonomy":"post_tag","embeddable":true,"href":"https:\/\/www.radiopresidenteibanez.cl\/web\/wp-json\/wp\/v2\/tags?post=45663"}],"curies":[{"name":"wp","href":"https:\/\/api.w.org\/{rel}","templated":true}]}}