{"id":45643,"date":"2024-01-15T15:10:00","date_gmt":"2024-01-15T18:10:00","guid":{"rendered":"https:\/\/www.radiopresidenteibanez.cl\/web\/?p=45643"},"modified":"2024-01-15T11:02:59","modified_gmt":"2024-01-15T14:02:59","slug":"en-mexico-se-presento-obra-teatral-de-escritor-magallanico","status":"publish","type":"post","link":"https:\/\/www.radiopresidenteibanez.cl\/web\/en-mexico-se-presento-obra-teatral-de-escritor-magallanico\/","title":{"rendered":"EN M\u00c9XICO SE PRESENTO OBRA TEATRAL DE ESCRITOR MAGALL\u00c1NICO"},"content":{"rendered":"\n<p>En el marco del Proyecto \u201cIntercambio de Experiencias de la Pr\u00e1ctica Intensiva\u201d, iniciativa<br>de la Doctora en Educaci\u00f3n Gloria Gonz\u00e1lez Castro y cumplido el plan por la Benem\u00e9rita y<br>Centenaria Escuela Normal Urbana Federal, Profesor J. Jes\u00fas Romero Flores, de Morelia y<br>la Escuela Normal del Valle de Bravo, se present\u00f3 la obra de teatro \u201cLa Modernidad y los<br>Cambios Sociales\u201d, del escritor magall\u00e1nico Mario Isidro Moreno.<br>La pieza teatral fue mostrada en Valle de Bravo, ciudad enclavada sobre el lago Av\u00e1ndaro,<br>a 150 kil\u00f3metros al oeste de Ciudad de M\u00e9xico, en el gimnasio de la Escuela Normal de esa<br>localidad.<br>Los actores, alumnos del Tercer Semestre de la Licenciatura en Educaci\u00f3n Primaria, de la<br>Escuela Normal de Morelia, dirigidos por la Maestra Gloria Gonz\u00e1lez Castro, fueron<br>ovacionados por docentes y estudiantes de ambas Normales, que repletaron el campo<br>deportivo cubierto y se deleitaron con la puesta en escena de cuadros que representaban la<br>necesidad de preservar, rescatar y mantener la cultura tradicional del pueblo mexicano.<br>En las diferentes escenas, desfilaron personajes populares como el bolero -lustrabotas-<br>zapatero remend\u00f3n, yerbatero, un velorio a la antigua, etc.<br>Integrada a la obra, se mostr\u00f3 una tabla r\u00edtmica, donde se hace alusi\u00f3n a la muerte, parte<br>importante de las tradiciones michoacanas.<br>La obra de teatro en cuesti\u00f3n, fue estrenada en el a\u00f1o 2023, en el Instituto Anglo Espa\u00f1ol,<br>\u201cVerbo Encarnado\u201d de la Congregaci\u00f3n de Religiosas, de igual nombre, de la ciudad de<br>Morelia, capital del Estado de Michoac\u00e1n, contando con la presencia del autor.<\/p>\n","protected":false},"excerpt":{"rendered":"<p>En el marco del Proyecto \u201cIntercambio de Experiencias de la Pr\u00e1ctica Intensiva\u201d, iniciativade la Doctora en Educaci\u00f3n Gloria Gonz\u00e1lez Castro y cumplido el plan por la Benem\u00e9rita yCentenaria Escuela Normal&#8230; <a class=\"read-more\" href=\"https:\/\/www.radiopresidenteibanez.cl\/web\/en-mexico-se-presento-obra-teatral-de-escritor-magallanico\/\">Leer m\u00e1s<\/a><\/p>\n","protected":false},"author":2,"featured_media":45644,"comment_status":"closed","ping_status":"closed","sticky":false,"template":"","format":"standard","meta":{"footnotes":""},"categories":[1],"tags":[],"class_list":["post-45643","post","type-post","status-publish","format-standard","has-post-thumbnail","hentry","category-cronica"],"_links":{"self":[{"href":"https:\/\/www.radiopresidenteibanez.cl\/web\/wp-json\/wp\/v2\/posts\/45643","targetHints":{"allow":["GET"]}}],"collection":[{"href":"https:\/\/www.radiopresidenteibanez.cl\/web\/wp-json\/wp\/v2\/posts"}],"about":[{"href":"https:\/\/www.radiopresidenteibanez.cl\/web\/wp-json\/wp\/v2\/types\/post"}],"author":[{"embeddable":true,"href":"https:\/\/www.radiopresidenteibanez.cl\/web\/wp-json\/wp\/v2\/users\/2"}],"replies":[{"embeddable":true,"href":"https:\/\/www.radiopresidenteibanez.cl\/web\/wp-json\/wp\/v2\/comments?post=45643"}],"version-history":[{"count":0,"href":"https:\/\/www.radiopresidenteibanez.cl\/web\/wp-json\/wp\/v2\/posts\/45643\/revisions"}],"wp:featuredmedia":[{"embeddable":true,"href":"https:\/\/www.radiopresidenteibanez.cl\/web\/wp-json\/wp\/v2\/media\/45644"}],"wp:attachment":[{"href":"https:\/\/www.radiopresidenteibanez.cl\/web\/wp-json\/wp\/v2\/media?parent=45643"}],"wp:term":[{"taxonomy":"category","embeddable":true,"href":"https:\/\/www.radiopresidenteibanez.cl\/web\/wp-json\/wp\/v2\/categories?post=45643"},{"taxonomy":"post_tag","embeddable":true,"href":"https:\/\/www.radiopresidenteibanez.cl\/web\/wp-json\/wp\/v2\/tags?post=45643"}],"curies":[{"name":"wp","href":"https:\/\/api.w.org\/{rel}","templated":true}]}}