{"id":45616,"date":"2024-01-13T18:32:00","date_gmt":"2024-01-13T21:32:00","guid":{"rendered":"https:\/\/www.radiopresidenteibanez.cl\/web\/?p=45616"},"modified":"2024-01-13T12:34:42","modified_gmt":"2024-01-13T15:34:42","slug":"expedicion-estrategica-de-contingencia-llego-a-la-antartica-para-estudiar-la-gripe-aviar","status":"publish","type":"post","link":"https:\/\/www.radiopresidenteibanez.cl\/web\/expedicion-estrategica-de-contingencia-llego-a-la-antartica-para-estudiar-la-gripe-aviar\/","title":{"rendered":"EXPEDICION ESTRATEGICA DE CONTINGENCIA LLEGO A LA ANTARTICA PARA ESTUDIAR LA GRIPE AVIAR"},"content":{"rendered":"\n<p>El primer proyecto estrat\u00e9gico de contingencia que se levant\u00f3 en el contexto de gripe aviar lleg\u00f3 con \u00e9xito a la Ant\u00e1rtica con el prop\u00f3sito de realizar investigaciones cr\u00edticas sobre dicha enfermedad en el territorio. Este esfuerzo conjunto, liderado por especialistas en virolog\u00eda y aves, tiene como objetivo principal comprender la presencia y evoluci\u00f3n de la gripe aviar en el continente m\u00e1s remoto del planeta.<\/p>\n\n\n\n<p>Su labor consiste en recopilar datos exhaustivos sobre la presencia de cepas de gripe aviar en aves migratorias y en otros animales locales, as\u00ed como evaluar la posible transmisi\u00f3n a los seres humanos. Dada las condiciones \u00fanicas de la Ant\u00e1rtica, comprender la din\u00e1mica de las enfermedades zoon\u00f3ticas en esta regi\u00f3n se ha vuelto un imperativo.<\/p>\n\n\n\n<p>El jefe del Departamento Cient\u00edfico del Instituto Ant\u00e1rtico Chileno (INACH),&nbsp;<strong>Dr. Marcelo Gonz\u00e1lez Aravena<\/strong>&nbsp;explica que, desde el a\u00f1o pasado, cuando comenzaron los primeros reportes de gripe aviar en Chile y Magallanes, se implement\u00f3 un protocolo de prevenci\u00f3n que se est\u00e1 aplicando actualmente por todos los operadores nacionales. Sumado a esto, se conform\u00f3 un grupo de expertos del Programa Nacional de Ciencia Ant\u00e1rtica (PROCIEN) que planific\u00f3 las acciones en terreno a desarrollar para esta temporada.<\/p>\n\n\n\n<p>\u201cEstas medidas van desde el monitoreo a nivel de comportamiento de la fauna silvestre hasta la confirmaci\u00f3n de resultados por PCR en tiempo real en la base Escudero del INACH en la isla Rey Jorge. En este proceso han sido claves los vir\u00f3logos&nbsp;<strong>Dr. V\u00edctor Neira<\/strong>&nbsp;y&nbsp;<strong>Dr. Gonzalo Barriga<\/strong>&nbsp;de la Universidad de Chile, por su experiencia en terreno en el estudio de virus en aves ant\u00e1rticas\u201d, coment\u00f3 Gonz\u00e1lez.<\/p>\n\n\n\n<p>En tanto que el director del Instituto Milenio Biodiversidad de Ecosistemas Ant\u00e1rticos y Subant\u00e1rticos, conocido como Instituto Milenio BASE,&nbsp;<strong>Dr. Elie Poulin,<\/strong>&nbsp;resalt\u00f3 el trabajo colaborativo que permitir\u00e1 obtener mayor evidencia cient\u00edfica tras la confirmaci\u00f3n de los primeros casos de gripe aviar en el Continente Blanco: \u201cLa Ant\u00e1rtica es un ecosistema singular y sensible, y contar con equipos de investigaci\u00f3n de excelencia no solo permitir\u00e1 comprender una eventual presencia de la gripe aviar en la zona, sino tambi\u00e9n evaluar c\u00f3mo los cambios en el medioambiente pueden influir en la propagaci\u00f3n de enfermedades. Por ello, tener la posibilidad de tomar muestras en terreno y colectar datos es fundamental\u201d, se\u00f1al\u00f3.<\/p>\n\n\n\n<p>La expedici\u00f3n estrat\u00e9gica de contingencia de gripe aviar, que buscar\u00e1 estudiar y realizar una vigilancia activa del virus H5N1 en aves y mam\u00edferos marinos, est\u00e1 conformada por el&nbsp;<strong>Dr. Lucas Kr\u00fcger,<\/strong>&nbsp;investigador INACH y del Instituto Milenio BASE, y por los investigadores adscritos del Instituto Milenio BASE&nbsp;<strong>Dr. Gonzalo Barriga,&nbsp;<\/strong>vir\u00f3logo y acad\u00e9mico de la Facultad de Medicina de la Universidad de Chile, y&nbsp;<strong>Claudia Ulloa,<\/strong>&nbsp;m\u00e9dico veterinaria e investigadora del Laboratorio Biodiversidad Molecular UC dirigido por la&nbsp;<strong>Dra. Juliana Vianna<\/strong>.<\/p>\n\n\n\n<p>En tanto que&nbsp;<strong>Beatriz Esnard<\/strong>, investigadora doctoral UC y del Instituto Milenio BASE se integr\u00f3 a la LX Expedici\u00f3n Cient\u00edfica Ant\u00e1rtica (ECA 60) junto a&nbsp;<strong>B\u00e1rbara Berazay Puente,<\/strong>&nbsp;estudiante de postgrado del Mag\u00edster en Ciencias Animales y Veterinarias de la Universidad de Chile y tesista del&nbsp;<strong>Dr. V\u00edctor Neira<\/strong>, que junto al Laboratorio de Virolog\u00eda Animal de la Facultad de Ciencias Veterinarias y Pecuarias de la Universidad de Chile, lleva estudiando influenza por m\u00e1s de una d\u00e9cada.&nbsp;<strong>Benjam\u00edn Bennett Laso,<\/strong>&nbsp;m\u00e9dico veterinario y asistente de investigaci\u00f3n del mismo laboratorio, tambi\u00e9n entregar\u00e1 apoyo en terreno al equipo que permanecer\u00e1 hasta fines de enero en la isla Rey Jorge.<\/p>\n\n\n\n<p>Fue en octubre de 2023, cuando un equipo de&nbsp;<a href=\"https:\/\/www.gov.gs\/wp-content\/uploads\/2023\/10\/Media-release_APHA-results.pdf\" target=\"_blank\" rel=\"noreferrer noopener\">cient\u00edficos del British Antarctic Survey (BAS)<\/a>&nbsp;confirm\u00f3 la detecci\u00f3n de un brote de gripe aviar altamente pat\u00f3gena en la isla Bird (islas Georgias del Sur), en poblaciones de sk\u00faa marr\u00f3n. En tanto que, en Alaska, al extremo opuesto del continente ant\u00e1rtico, se registr\u00f3&nbsp;<a href=\"https:\/\/www.nytimes.com\/es\/2024\/01\/04\/espanol\/gripe-aviar-oso-polar-alaska.html\" target=\"_blank\" rel=\"noreferrer noopener\">el primer caso de gripe aviar altamente letal en un oso polar<\/a>&nbsp;en la localidad de Utqiagvik.<\/p>\n\n\n\n<p>Durante la temporada de verano polar, en la Ant\u00e1rtica, los equipos de investigaci\u00f3n cient\u00edfica se centrar\u00e1n en recopilar muestras en terreno que permitir\u00e1n obtener informaci\u00f3n sobre el comportamiento del virus en ambientes extremos y su eventual transmisi\u00f3n entre especies animale<\/p>\n","protected":false},"excerpt":{"rendered":"<p>El primer proyecto estrat\u00e9gico de contingencia que se levant\u00f3 en el contexto de gripe aviar lleg\u00f3 con \u00e9xito a la Ant\u00e1rtica con el prop\u00f3sito de realizar investigaciones cr\u00edticas sobre dicha&#8230; <a class=\"read-more\" href=\"https:\/\/www.radiopresidenteibanez.cl\/web\/expedicion-estrategica-de-contingencia-llego-a-la-antartica-para-estudiar-la-gripe-aviar\/\">Leer m\u00e1s<\/a><\/p>\n","protected":false},"author":2,"featured_media":45617,"comment_status":"closed","ping_status":"closed","sticky":false,"template":"","format":"standard","meta":{"footnotes":""},"categories":[1],"tags":[],"class_list":["post-45616","post","type-post","status-publish","format-standard","has-post-thumbnail","hentry","category-cronica"],"_links":{"self":[{"href":"https:\/\/www.radiopresidenteibanez.cl\/web\/wp-json\/wp\/v2\/posts\/45616","targetHints":{"allow":["GET"]}}],"collection":[{"href":"https:\/\/www.radiopresidenteibanez.cl\/web\/wp-json\/wp\/v2\/posts"}],"about":[{"href":"https:\/\/www.radiopresidenteibanez.cl\/web\/wp-json\/wp\/v2\/types\/post"}],"author":[{"embeddable":true,"href":"https:\/\/www.radiopresidenteibanez.cl\/web\/wp-json\/wp\/v2\/users\/2"}],"replies":[{"embeddable":true,"href":"https:\/\/www.radiopresidenteibanez.cl\/web\/wp-json\/wp\/v2\/comments?post=45616"}],"version-history":[{"count":0,"href":"https:\/\/www.radiopresidenteibanez.cl\/web\/wp-json\/wp\/v2\/posts\/45616\/revisions"}],"wp:featuredmedia":[{"embeddable":true,"href":"https:\/\/www.radiopresidenteibanez.cl\/web\/wp-json\/wp\/v2\/media\/45617"}],"wp:attachment":[{"href":"https:\/\/www.radiopresidenteibanez.cl\/web\/wp-json\/wp\/v2\/media?parent=45616"}],"wp:term":[{"taxonomy":"category","embeddable":true,"href":"https:\/\/www.radiopresidenteibanez.cl\/web\/wp-json\/wp\/v2\/categories?post=45616"},{"taxonomy":"post_tag","embeddable":true,"href":"https:\/\/www.radiopresidenteibanez.cl\/web\/wp-json\/wp\/v2\/tags?post=45616"}],"curies":[{"name":"wp","href":"https:\/\/api.w.org\/{rel}","templated":true}]}}