{"id":45610,"date":"2024-01-13T14:14:00","date_gmt":"2024-01-13T17:14:00","guid":{"rendered":"https:\/\/www.radiopresidenteibanez.cl\/web\/?p=45610"},"modified":"2024-01-13T12:16:47","modified_gmt":"2024-01-13T15:16:47","slug":"solo-voy-a-volver-siempre-me-vas-a-ver-y-cuando-regrese-de-este-vuelo-eterno-canta-bersuit-vergarabat","status":"publish","type":"post","link":"https:\/\/www.radiopresidenteibanez.cl\/web\/solo-voy-a-volver-siempre-me-vas-a-ver-y-cuando-regrese-de-este-vuelo-eterno-canta-bersuit-vergarabat\/","title":{"rendered":".Solo voy a volver, siempre me vas a ver y cuando regrese de este vuelo eterno..\u00bb canta Bersuit Vergarabat"},"content":{"rendered":"\n<p>Como trabajadores tenemos la obligaci\u00f3n de tomar decisiones que inciden en nuestra vida presente y futura.<br>La primera de ellas reconocernos como parte de una clase que es mayoritaria pero dispersa y, por lo mismo, poco influyente en decisiones y cambios.<br>Estamos llamados a educarnos en nuestros derechos y desde esa educaci\u00f3n saltar a construir organizaci\u00f3n, pues sin organizaci\u00f3n somos presa f\u00e1cil de tah\u00fares y mentirosos.<br>La organizaci\u00f3n que nosotros promovemos se llama Sindicato y debemos hacer todos los esfuerzos por integrar en \u00e9l al m\u00e1ximo de trabajadores de la empresa.<br>Solo esa mayor\u00eda de fuerzas nos dar\u00e1 la capacidad para avanzar en la suscripci\u00f3n de contratos colectivos, que reconozcan nuestros derechos econ\u00f3micos y sociales.<br>Es esta pelea por derechos al interior del lugar donde trabajamos el primer paso de nuestra causa por los cambios, pero las cosas no se detienen ah\u00ed.<\/p>\n\n\n\n<p>2.- En la lucha por los derechos de los trabajadores, no se puede estar all\u00e1 y ac\u00e1 al mismo tiempo.<br>Se conversa, se dialoga y se encuentran acuerdos con los patrones y los gobiernos, pero esto jam\u00e1s se har\u00e1 a espaldas de los trabajadores o renunciando a las demandas m\u00e1s sentidas de ellos.<br>Y el cambio social es una de las demandas m\u00e1s importantes e irrenunciables.<br>Aspirar al cambio de la sociedad es un imperativo irrenunciable de la clase.<br>Ser clasista, es saberse parte de un sector social que ha sido discriminado hist\u00f3ricamente, as\u00ed como privado de sus derechos m\u00e1s b\u00e1sicos.<br>Hacernos cargo de que tenemos en las manos la tarea de construir una nueva sociedad, en la que nuestras familias, nuestro pueblo, puedan vivir dignamente, es una obligaci\u00f3n de todo aquel que se declara miembro de la clase trabajadora. Y aunque sea una majader\u00eda lo debemos reiterar una y otra vez. Todo lo anterior se consigue con trabajadores organizados y en nuestro pa\u00eds con suerte y harta adulteraci\u00f3n de padrones, se llega al 20% de los trabajadores organizados.<br>Ese % es insuficiente, por lo tanto el primer objetivo es trabajar duro para construir organizaci\u00f3n.<\/p>\n","protected":false},"excerpt":{"rendered":"<p>Como trabajadores tenemos la obligaci\u00f3n de tomar decisiones que inciden en nuestra vida presente y futura.La primera de ellas reconocernos como parte de una clase que es mayoritaria pero dispersa&#8230; <a class=\"read-more\" href=\"https:\/\/www.radiopresidenteibanez.cl\/web\/solo-voy-a-volver-siempre-me-vas-a-ver-y-cuando-regrese-de-este-vuelo-eterno-canta-bersuit-vergarabat\/\">Leer m\u00e1s<\/a><\/p>\n","protected":false},"author":2,"featured_media":45611,"comment_status":"closed","ping_status":"closed","sticky":false,"template":"","format":"standard","meta":{"footnotes":""},"categories":[1],"tags":[],"class_list":["post-45610","post","type-post","status-publish","format-standard","has-post-thumbnail","hentry","category-cronica"],"_links":{"self":[{"href":"https:\/\/www.radiopresidenteibanez.cl\/web\/wp-json\/wp\/v2\/posts\/45610","targetHints":{"allow":["GET"]}}],"collection":[{"href":"https:\/\/www.radiopresidenteibanez.cl\/web\/wp-json\/wp\/v2\/posts"}],"about":[{"href":"https:\/\/www.radiopresidenteibanez.cl\/web\/wp-json\/wp\/v2\/types\/post"}],"author":[{"embeddable":true,"href":"https:\/\/www.radiopresidenteibanez.cl\/web\/wp-json\/wp\/v2\/users\/2"}],"replies":[{"embeddable":true,"href":"https:\/\/www.radiopresidenteibanez.cl\/web\/wp-json\/wp\/v2\/comments?post=45610"}],"version-history":[{"count":0,"href":"https:\/\/www.radiopresidenteibanez.cl\/web\/wp-json\/wp\/v2\/posts\/45610\/revisions"}],"wp:featuredmedia":[{"embeddable":true,"href":"https:\/\/www.radiopresidenteibanez.cl\/web\/wp-json\/wp\/v2\/media\/45611"}],"wp:attachment":[{"href":"https:\/\/www.radiopresidenteibanez.cl\/web\/wp-json\/wp\/v2\/media?parent=45610"}],"wp:term":[{"taxonomy":"category","embeddable":true,"href":"https:\/\/www.radiopresidenteibanez.cl\/web\/wp-json\/wp\/v2\/categories?post=45610"},{"taxonomy":"post_tag","embeddable":true,"href":"https:\/\/www.radiopresidenteibanez.cl\/web\/wp-json\/wp\/v2\/tags?post=45610"}],"curies":[{"name":"wp","href":"https:\/\/api.w.org\/{rel}","templated":true}]}}