{"id":45604,"date":"2024-01-12T18:53:00","date_gmt":"2024-01-12T21:53:00","guid":{"rendered":"https:\/\/www.radiopresidenteibanez.cl\/web\/?p=45604"},"modified":"2024-01-12T11:07:07","modified_gmt":"2024-01-12T14:07:07","slug":"salud-mental-y-educacion-medica-en-zonas-extremas-marcaran-reunion-de-facultades-de-medicina-en-magallanes","status":"publish","type":"post","link":"https:\/\/www.radiopresidenteibanez.cl\/web\/salud-mental-y-educacion-medica-en-zonas-extremas-marcaran-reunion-de-facultades-de-medicina-en-magallanes\/","title":{"rendered":"SALUD MENTAL Y EDUCACION MEDICA EN ZONAS EXTREMAS MARCARAN REUNION DE FACULTADES DE MEDICINA EN MAGALLANES"},"content":{"rendered":"\n<p>En dependencias del edificio de Rector\u00eda de la Universidad de Magallanes (UMAG), este pr\u00f3ximo lunes 15 y martes 16 de enero, se llevar\u00e1 a cabo la reuni\u00f3n 2024 de las y los 21 decanos y directores de las facultades y escuelas de Medicina del pa\u00eds que agrupa, desde Arica a Magallanes, la Asociaci\u00f3n de Facultades de Medicina de Chile, ASOFAMECH.<\/p>\n\n\n\n<p>La sesi\u00f3n tendr\u00e1 como ejes centrales de di\u00e1logo el tema de la salud mental en el \u00e1mbito de la formaci\u00f3n universitaria; y las experiencias y principales retos de las carreras de Medicina de zonas extremas. As\u00ed lo inform\u00f3 el director de la Escuela de Medicina de la UMAG,&nbsp;<strong>Dr. Mario Mayanz Csato,<\/strong>&nbsp;quien ser\u00e1 el anfitri\u00f3n de esta doble jornada de trabajo en torno a la educaci\u00f3n m\u00e9dica en Chile.<\/p>\n\n\n\n<p>Seg\u00fan el acad\u00e9mico, es muy relevante que la regi\u00f3n y, en particular, la UMAG, reciba un encuentro de esta envergadura, ya que es una se\u00f1al de respaldo al proyecto educativo de Medicina en Magallanes, y a la misma escuela universitaria creada en 2014, la m\u00e1s austral de Chile. Adem\u00e1s, resalt\u00f3 que es una oportunidad para analizar y compartir miradas sobre otros temas de inter\u00e9s en el \u00e1rea, como la investigaci\u00f3n en educaci\u00f3n m\u00e9dica y la innovaci\u00f3n docente en Medicina.<\/p>\n\n\n\n<p><strong>Programa<\/strong><\/p>\n\n\n\n<p>El d\u00eda lunes 15 la jornada comenzar\u00e1 a las 9.00 horas con las ponencias&nbsp;<em>\u201cHacia una conceptualizaci\u00f3n amplia de la salud mental y sus desaf\u00edos en la formaci\u00f3n de profesionales de la salud\u201d<\/em>&nbsp;a cargo del&nbsp;<strong>Dr. Mario Valdivia Peralta<\/strong>&nbsp;de la Universidad de Concepci\u00f3n (UdeC); y&nbsp;<em>\u201cSalud mental y desarrollo positivo en universitarios chilenos\u201d<\/em>&nbsp;liderada por la&nbsp;<strong>Dra. Ana Barrera Herrera<\/strong>&nbsp;de la Universidad Cat\u00f3lica de Temuco e investigadora del N\u00facleo Milenio Imhay.<\/p>\n\n\n\n<p>El programa de la ma\u00f1ana contin\u00faa con el tema&nbsp;<em>\u201cLa creaci\u00f3n de escuelas de Medicina en Arica y Magallanes. Problemas y soluciones en su creaci\u00f3n y desarrollo\u201d<\/em>&nbsp;a trav\u00e9s de las exposiciones de la&nbsp;<strong>Dra. Andrea Larraz\u00e1bal<\/strong>, decana de Medicina de la Universidad de Tarapac\u00e1 y del director de la Escuela de Medicina UMAG,&nbsp;<strong>Dr. Mario Mayanz.<\/strong><\/p>\n\n\n\n<p>Durante la tarde, en tanto, se espera dar a conocer los resultados de concursos de proyectos de investigaci\u00f3n impulsados por ASOFAMECH y otras presentaciones referidas a experiencias de formaci\u00f3n m\u00e9dica en las universidades. Al d\u00eda siguiente, y para cerrar, se llevar\u00e1 a cabo el Consejo de Decanos de ASOFAMECH, donde se dar\u00e1n a conocer los diferentes informes anuales de cada una de sus unidades ejecutivas.<\/p>\n","protected":false},"excerpt":{"rendered":"<p>En dependencias del edificio de Rector\u00eda de la Universidad de Magallanes (UMAG), este pr\u00f3ximo lunes 15 y martes 16 de enero, se llevar\u00e1 a cabo la reuni\u00f3n 2024 de las&#8230; <a class=\"read-more\" href=\"https:\/\/www.radiopresidenteibanez.cl\/web\/salud-mental-y-educacion-medica-en-zonas-extremas-marcaran-reunion-de-facultades-de-medicina-en-magallanes\/\">Leer m\u00e1s<\/a><\/p>\n","protected":false},"author":2,"featured_media":45605,"comment_status":"closed","ping_status":"closed","sticky":false,"template":"","format":"standard","meta":{"footnotes":""},"categories":[1],"tags":[],"class_list":["post-45604","post","type-post","status-publish","format-standard","has-post-thumbnail","hentry","category-cronica"],"_links":{"self":[{"href":"https:\/\/www.radiopresidenteibanez.cl\/web\/wp-json\/wp\/v2\/posts\/45604","targetHints":{"allow":["GET"]}}],"collection":[{"href":"https:\/\/www.radiopresidenteibanez.cl\/web\/wp-json\/wp\/v2\/posts"}],"about":[{"href":"https:\/\/www.radiopresidenteibanez.cl\/web\/wp-json\/wp\/v2\/types\/post"}],"author":[{"embeddable":true,"href":"https:\/\/www.radiopresidenteibanez.cl\/web\/wp-json\/wp\/v2\/users\/2"}],"replies":[{"embeddable":true,"href":"https:\/\/www.radiopresidenteibanez.cl\/web\/wp-json\/wp\/v2\/comments?post=45604"}],"version-history":[{"count":0,"href":"https:\/\/www.radiopresidenteibanez.cl\/web\/wp-json\/wp\/v2\/posts\/45604\/revisions"}],"wp:featuredmedia":[{"embeddable":true,"href":"https:\/\/www.radiopresidenteibanez.cl\/web\/wp-json\/wp\/v2\/media\/45605"}],"wp:attachment":[{"href":"https:\/\/www.radiopresidenteibanez.cl\/web\/wp-json\/wp\/v2\/media?parent=45604"}],"wp:term":[{"taxonomy":"category","embeddable":true,"href":"https:\/\/www.radiopresidenteibanez.cl\/web\/wp-json\/wp\/v2\/categories?post=45604"},{"taxonomy":"post_tag","embeddable":true,"href":"https:\/\/www.radiopresidenteibanez.cl\/web\/wp-json\/wp\/v2\/tags?post=45604"}],"curies":[{"name":"wp","href":"https:\/\/api.w.org\/{rel}","templated":true}]}}