{"id":45595,"date":"2024-01-12T15:24:00","date_gmt":"2024-01-12T18:24:00","guid":{"rendered":"https:\/\/www.radiopresidenteibanez.cl\/web\/?p=45595"},"modified":"2024-01-12T10:56:25","modified_gmt":"2024-01-12T13:56:25","slug":"gremios-del-turismo-de-magallanes-manifiestan-que-inconvenientes-en-la-pagina-pasesparques-cl-persiten","status":"publish","type":"post","link":"https:\/\/www.radiopresidenteibanez.cl\/web\/gremios-del-turismo-de-magallanes-manifiestan-que-inconvenientes-en-la-pagina-pasesparques-cl-persiten\/","title":{"rendered":"GREMIOS DEL TURISMO DE MAGALLANES MANIFIESTAN QUE INCONVENIENTES EN LA PAGINA PASESPARQUES.CL PERSITEN"},"content":{"rendered":"\n<p>En la tarde de ayer, los gremios del turismo en la regi\u00f3n de Magallanes, Austro Chile, la C\u00e1mara de Turismo de \u00daltima Esperanza y la Asociaci\u00f3n de Hoteles y Servicios Tur\u00edsticos de Torres del Paine, HYST, &nbsp;sostuvieron una reuni\u00f3n con el director nacional de la Corporaci\u00f3n Nacional Forestal, CONAF, Christian Little, para plantear su profunda preocupaci\u00f3n ante las continuas falencias del sistema PasesParques.cl, implementado el 1 de enero para la compra de entradas a las \u00c1reas Silvestres Protegidas.<\/p>\n\n\n\n<p>En el encuentro, al que se sumaron el gerente de \u00c1reas Silvestres Protegidas de CONAF, Renzo Galgani, y el director regional de la instituci\u00f3n, Arturo Rojas, junto a representantes de la Subsecretar\u00eda de Turismo, SERNATUR Magallanes y la Seremi de Agricultura, los gremios manifestaron que a pesar de las expectativas generadas y del compromiso previo de CONAF para solucionar los problemas antes del 10 de enero, a la fecha, el m\u00f3dulo de venta de entradas para tour operadores sigue sin estar operativo, generando inconvenientes significativos para el desarrollo de la actividad tur\u00edstica de la regi\u00f3n.<\/p>\n\n\n\n<p>\u201cLamentamos informar que, a pesar de las promesas, los usuarios a\u00fan no pueden acceder al m\u00f3dulo de compra de entradas para tour operadores. A esto se suma que a\u00fan no est\u00e1 habilitada la p\u00e1gina en ingl\u00e9s y tampoco se est\u00e1n aplicando los descuentos INJUV, beneficios por discapacidad, ni los descuentos destinados a residentes. Esta situaci\u00f3n afecta directamente a los visitantes que buscan disfrutar de las bellezas naturales de la regi\u00f3n\u201d, coment\u00f3 Sara Adema, gerente de la Asociaci\u00f3n de Hoteles y Servicios Tur\u00edsticos de Torres del Paine, HYST.<\/p>\n\n\n\n<p>Los gremios del turismo de Magallanes hicieron hincapi\u00e9 en la necesidad urgente de una comunicaci\u00f3n formal y oportuna respecto a las consultas que surgen, as\u00ed como en la importancia de proporcionar capacitaci\u00f3n oficial a los operadores para utilizar el m\u00f3dulo de manera efectiva, y que se informen formalmente los saldos a cada tour operador.<\/p>\n\n\n\n<p>\u201cEs crucial que CONAF demuestre empat\u00eda con el sector, ya que las descoordinaciones existentes perjudican enormemente la operaci\u00f3n tur\u00edstica y la imagen que se entrega al turista. Adem\u00e1s, solicitamos que los tickets se despachen en tiempos oportunos, y durante el mismo d\u00eda que se realiz\u00f3 la compra. En cuanto al proceso de compra, nos gustar\u00eda saber si es posible adquirir entradas sin necesidad de registro, ya que crear contrase\u00f1as genera demoras innecesarias para visitantes que pueden venir solo una vez. Adem\u00e1s, sugerimos ampliar la variedad de medios de pago y eliminar la solicitud de n\u00fameros de contacto, permitiendo la compra sin restricciones de cantidad\u201d, puntualiz\u00f3 Silvia Mu\u00f1oz, gerente de la Asociaci\u00f3n Magall\u00e1nica de Empresas de Turismo&nbsp;<em>Austro Chile.<\/em><\/p>\n\n\n\n<p>Asimismo, Adriana Aguilar, gerente de la C\u00e1mara de Turismo de \u00daltima Esperanza, destac\u00f3 la importancia de mejorar el acceso desde dispositivos m\u00f3viles. \u201cHacemos un llamado a brindar capacitaci\u00f3n a quienes atienden en porter\u00eda, asegurando que el QR refleje claramente la compra de entradas a dos parques. Asimismo, solicitamos la asistencia de CONAF en el rodoviario de Puerto Natales para aquellos que no viajan con tour operador y desean adquirir entradas, restableciendo el servicio que anteriormente entregaban\u201d.<\/p>\n\n\n\n<p>Finalmente, los gremios del turismo hicieron un llamado a las autoridades a tomar medidas correctivas y cumplir con el compromiso de responder a la brevedad a cada uno de los puntos planteados en el encuentro.<\/p>\n","protected":false},"excerpt":{"rendered":"<p>En la tarde de ayer, los gremios del turismo en la regi\u00f3n de Magallanes, Austro Chile, la C\u00e1mara de Turismo de \u00daltima Esperanza y la Asociaci\u00f3n de Hoteles y Servicios&#8230; <a class=\"read-more\" href=\"https:\/\/www.radiopresidenteibanez.cl\/web\/gremios-del-turismo-de-magallanes-manifiestan-que-inconvenientes-en-la-pagina-pasesparques-cl-persiten\/\">Leer m\u00e1s<\/a><\/p>\n","protected":false},"author":2,"featured_media":45596,"comment_status":"closed","ping_status":"closed","sticky":false,"template":"","format":"standard","meta":{"footnotes":""},"categories":[1],"tags":[],"class_list":["post-45595","post","type-post","status-publish","format-standard","has-post-thumbnail","hentry","category-cronica"],"_links":{"self":[{"href":"https:\/\/www.radiopresidenteibanez.cl\/web\/wp-json\/wp\/v2\/posts\/45595","targetHints":{"allow":["GET"]}}],"collection":[{"href":"https:\/\/www.radiopresidenteibanez.cl\/web\/wp-json\/wp\/v2\/posts"}],"about":[{"href":"https:\/\/www.radiopresidenteibanez.cl\/web\/wp-json\/wp\/v2\/types\/post"}],"author":[{"embeddable":true,"href":"https:\/\/www.radiopresidenteibanez.cl\/web\/wp-json\/wp\/v2\/users\/2"}],"replies":[{"embeddable":true,"href":"https:\/\/www.radiopresidenteibanez.cl\/web\/wp-json\/wp\/v2\/comments?post=45595"}],"version-history":[{"count":0,"href":"https:\/\/www.radiopresidenteibanez.cl\/web\/wp-json\/wp\/v2\/posts\/45595\/revisions"}],"wp:featuredmedia":[{"embeddable":true,"href":"https:\/\/www.radiopresidenteibanez.cl\/web\/wp-json\/wp\/v2\/media\/45596"}],"wp:attachment":[{"href":"https:\/\/www.radiopresidenteibanez.cl\/web\/wp-json\/wp\/v2\/media?parent=45595"}],"wp:term":[{"taxonomy":"category","embeddable":true,"href":"https:\/\/www.radiopresidenteibanez.cl\/web\/wp-json\/wp\/v2\/categories?post=45595"},{"taxonomy":"post_tag","embeddable":true,"href":"https:\/\/www.radiopresidenteibanez.cl\/web\/wp-json\/wp\/v2\/tags?post=45595"}],"curies":[{"name":"wp","href":"https:\/\/api.w.org\/{rel}","templated":true}]}}