{"id":4557,"date":"2019-05-25T19:33:57","date_gmt":"2019-05-25T19:33:57","guid":{"rendered":"http:\/\/www.radiopresidenteibanez.cl\/web\/?p=4557"},"modified":"2019-05-25T19:34:46","modified_gmt":"2019-05-25T19:34:46","slug":"comunicado-sindicato-de-trabajadores-de-eleam","status":"publish","type":"post","link":"https:\/\/www.radiopresidenteibanez.cl\/web\/comunicado-sindicato-de-trabajadores-de-eleam\/","title":{"rendered":"COMUNICADO SINDICATO DE TRABAJADORES DE ELEAM"},"content":{"rendered":"\n<p>El a\u00f1o 2011 abre sus puertas a la comunidad el Establecimiento de Larga\nEstad\u00eda para el Adulto Mayor Magallanes (ELEAM).&nbsp; El primer Establecimiento p\u00fablico de estas\ncaracter\u00edsticas del pa\u00eds; de estas caracter\u00edsticas de &nbsp;qui\u00e9n bajo el alero del Servicio Nacional del\nAdulto Mayor cumple un importante rol en la regi\u00f3n, puesto que brinda a los\nadultos mayores de escasos recursos sociales y que carecen de personas que le\npuedan brindar los cuidados necesarios un hogar permanente para vivir. Pero, es\nlamentable que esta tan importante labor se vea truncada, debido a que esta instituci\u00f3n opera bajo un convenio de operaci\u00f3n, el cual\nfinaliza este 31 de Julio. <\/p>\n\n\n\n<p>&nbsp;&nbsp; Hasta\nel momento el establecimiento funciona bajo un convenio de operaci\u00f3n entre el\nServicio Nacional del Adulto Mayor y el Servicio de Salud, el cual finaliza el\n31 de Julio de 2019.&nbsp; Se han presentado\nnuevas bases para concursar por la administraci\u00f3n del ELEAM, en las que se\nestablece trabajar con los m\u00ednimos requerimientos para satisfacer las\nnecesidades de los residentes que se encuentran en la instituci\u00f3n, los cuales\nen nuestra opini\u00f3n est\u00e1n por debajo por debajo de lo que los familiares de un\nadulto mayor, podr\u00edan utilizar en su cuidado domiciliario.<\/p>\n\n\n\n<p>&nbsp;&nbsp;&nbsp; Esta\nsituaci\u00f3n se agrava a\u00fan m\u00e1s, cuando SENAMA en las bases del concurso, no\nasegura la continuidad laboral de los funcionarios que a diario se desempe\u00f1an\ncon los adultos mayores en la instituci\u00f3n. Esto perjudica no s\u00f3lo a los funcionarios,\nsi no que tambi\u00e9n afecta a los mismos adultos mayores, ya que el personal que\ntrabaja en la instituci\u00f3n posee un v\u00ednculo importante con ellos. <\/p>\n\n\n\n<p>&nbsp;&nbsp;&nbsp; Lamentablemente\nesta situaci\u00f3n se ha repetido en varias ocasiones desde la apertura del ELEAM,\npor lo que el personal se ve en la obligaci\u00f3n de manifestar continuamente su\ndescontento ya que ambos servicios han avalado que los funcionarios queden en\nincertidumbre laboral al finalizar cada convenio, la que es repetitiva en el\nimaginario de los funcionarios, de los residentes y de la comunidad.&nbsp; Por lo que, se apela a que las entidades mencionadas\nServicio de Salud y Servicio Nacional del Adulto Mayor, brinden respuestas\nconcretas para sus funcionarios, los que no pueden quedar en abandono. As\u00ed,\ncomo los adultos mayores del establecimiento en cuesti\u00f3n.<\/p>\n\n\n\n<p>Sindicato \u201cTriunfar\u201d ELEAM Magallanes<\/p>\n\n\n\n<figure class=\"wp-block-image\"><img loading=\"lazy\" decoding=\"async\" width=\"1024\" height=\"540\" src=\"http:\/\/www.radiopresidenteibanez.cl\/web\/wp-content\/uploads\/2019\/01\/panoramica-punta-arenas-1024x540.jpg\" alt=\"\" class=\"wp-image-740\" srcset=\"https:\/\/www.radiopresidenteibanez.cl\/web\/wp-content\/uploads\/2019\/01\/panoramica-punta-arenas-1024x540.jpg 1024w, https:\/\/www.radiopresidenteibanez.cl\/web\/wp-content\/uploads\/2019\/01\/panoramica-punta-arenas-300x158.jpg 300w, https:\/\/www.radiopresidenteibanez.cl\/web\/wp-content\/uploads\/2019\/01\/panoramica-punta-arenas-768x405.jpg 768w, https:\/\/www.radiopresidenteibanez.cl\/web\/wp-content\/uploads\/2019\/01\/panoramica-punta-arenas.jpg 1440w\" sizes=\"auto, (max-width: 1024px) 100vw, 1024px\" \/><\/figure>\n","protected":false},"excerpt":{"rendered":"<p>El a\u00f1o 2011 abre sus puertas a la comunidad el Establecimiento de Larga Estad\u00eda para el Adulto Mayor Magallanes (ELEAM).&nbsp; El primer Establecimiento p\u00fablico de estas caracter\u00edsticas del pa\u00eds; de&#8230; <a class=\"read-more\" href=\"https:\/\/www.radiopresidenteibanez.cl\/web\/comunicado-sindicato-de-trabajadores-de-eleam\/\">Leer m\u00e1s<\/a><\/p>\n","protected":false},"author":2,"featured_media":740,"comment_status":"closed","ping_status":"closed","sticky":false,"template":"","format":"standard","meta":{"footnotes":""},"categories":[1],"tags":[],"class_list":["post-4557","post","type-post","status-publish","format-standard","has-post-thumbnail","hentry","category-cronica"],"_links":{"self":[{"href":"https:\/\/www.radiopresidenteibanez.cl\/web\/wp-json\/wp\/v2\/posts\/4557","targetHints":{"allow":["GET"]}}],"collection":[{"href":"https:\/\/www.radiopresidenteibanez.cl\/web\/wp-json\/wp\/v2\/posts"}],"about":[{"href":"https:\/\/www.radiopresidenteibanez.cl\/web\/wp-json\/wp\/v2\/types\/post"}],"author":[{"embeddable":true,"href":"https:\/\/www.radiopresidenteibanez.cl\/web\/wp-json\/wp\/v2\/users\/2"}],"replies":[{"embeddable":true,"href":"https:\/\/www.radiopresidenteibanez.cl\/web\/wp-json\/wp\/v2\/comments?post=4557"}],"version-history":[{"count":0,"href":"https:\/\/www.radiopresidenteibanez.cl\/web\/wp-json\/wp\/v2\/posts\/4557\/revisions"}],"wp:featuredmedia":[{"embeddable":true,"href":"https:\/\/www.radiopresidenteibanez.cl\/web\/wp-json\/wp\/v2\/media\/740"}],"wp:attachment":[{"href":"https:\/\/www.radiopresidenteibanez.cl\/web\/wp-json\/wp\/v2\/media?parent=4557"}],"wp:term":[{"taxonomy":"category","embeddable":true,"href":"https:\/\/www.radiopresidenteibanez.cl\/web\/wp-json\/wp\/v2\/categories?post=4557"},{"taxonomy":"post_tag","embeddable":true,"href":"https:\/\/www.radiopresidenteibanez.cl\/web\/wp-json\/wp\/v2\/tags?post=4557"}],"curies":[{"name":"wp","href":"https:\/\/api.w.org\/{rel}","templated":true}]}}