{"id":45569,"date":"2024-01-11T16:45:00","date_gmt":"2024-01-11T19:45:00","guid":{"rendered":"https:\/\/www.radiopresidenteibanez.cl\/web\/?p=45569"},"modified":"2024-01-11T10:48:34","modified_gmt":"2024-01-11T13:48:34","slug":"seremi-de-gobierno-destaca-proyectos-de-ley-sistema-inteligente-de-permisos-y-evaluacion-ambiental-2-0","status":"publish","type":"post","link":"https:\/\/www.radiopresidenteibanez.cl\/web\/seremi-de-gobierno-destaca-proyectos-de-ley-sistema-inteligente-de-permisos-y-evaluacion-ambiental-2-0\/","title":{"rendered":"SEREMI DE GOBIERNO DESTACA PROYECTOS DE LEY \u00abSISTEMA INTELIGENTE DE PERMISOS Y EVALUACION AMBIENTAL 2.0\u201d"},"content":{"rendered":"\n<p>Acelerar la inversi\u00f3n p\u00fablica y privada, como tambi\u00e9n, avanzar en desarrollo econ\u00f3mico y una<br>mejor calidad de vida para las familias en Chile son prioridades para el gobierno del Presidente<br>Gabriel Boric. Por ello esta ma\u00f1ana fueron presentados los proyectos de Ley de Sistema<br>Inteligente de Permisos y Evaluaci\u00f3n Ambiental 2.0.<br>Ambos proyectos de ley constituyen un paso importante en la modernizaci\u00f3n del Estado. El seremi<br>Mimica se\u00f1al\u00f3 que \u201cEl Presidente Gabriel Boric ha delimitado el a\u00f1o 2024 como el a\u00f1o del<br>crecimiento y pro empleo, motivo de ello es la creaci\u00f3n del gabinete en particular, pero adem\u00e1s,<br>de estos dos proyectos de ley que buscan optimizar y mejorar los tiempos, brindando certezas a<br>los inversionistas y tambi\u00e9n a las comunidades que van a venir con proyectos de inversi\u00f3n a<br>nuestro territorio\u201d.<br>La necesidad de simplificar los permisos sectoriales existe hace a\u00f1os en el sector privado, es por<br>ello que, el mandatario, realiz\u00f3 un llamado al Congreso para que avance r\u00e1pido en la tramitaci\u00f3n<br>legislativa.<br>Con el Sistema Inteligente de Permisos, los tiempos totales de tramitaci\u00f3n de proyectos ser\u00e1n<br>reducidos en al menos un 24% en los procedimientos fuera del&nbsp;Sistema de Evaluaci\u00f3n de Impacto<br>Ambiental (SEIA). En tanto, la Evaluaci\u00f3n Ambiental 2.0. Actualiza la Ley de Bases Generales del<br>Medio Ambiente, a casi 30 a\u00f1os de su promulgaci\u00f3n, mejorando los instrumentos de gesti\u00f3n<br>ambiental vigentes.<br>Algunas de las caracter\u00edsticas del Sistema Inteligente de Permisos son que se establece que todos<br>los procesos deben contener un examen de admisibilidad, se determinan plazos m\u00e1ximos para<br>todos los procedimientos que hoy no lo tienen y especifica el uso del silencio administrativo como<br>medida de \u00faltima ratio; considera criterios de proporcionalidad en la tramitaci\u00f3n que permitir\u00e1<br>reemplazar autorizaciones, u otras t\u00e9cnicas, en raz\u00f3n de cada obra, instalaci\u00f3n o actividad de un<br>proyecto; establece la plataforma \u201cSUPER\u201d como ventanilla \u00fanica digital del Estado para la<br>tramitaci\u00f3n de permisos sectoriales; y crea un \u00f3rgano p\u00fablico que tendr\u00e1 como objeto hacer<br>cumplir las normas de tramitaci\u00f3n y velar por el perfeccionamiento del marco normativo de<br>permisos sectoriales.<\/p>\n","protected":false},"excerpt":{"rendered":"<p>Acelerar la inversi\u00f3n p\u00fablica y privada, como tambi\u00e9n, avanzar en desarrollo econ\u00f3mico y unamejor calidad de vida para las familias en Chile son prioridades para el gobierno del PresidenteGabriel Boric&#8230;. <a class=\"read-more\" href=\"https:\/\/www.radiopresidenteibanez.cl\/web\/seremi-de-gobierno-destaca-proyectos-de-ley-sistema-inteligente-de-permisos-y-evaluacion-ambiental-2-0\/\">Leer m\u00e1s<\/a><\/p>\n","protected":false},"author":2,"featured_media":45570,"comment_status":"closed","ping_status":"closed","sticky":false,"template":"","format":"standard","meta":{"footnotes":""},"categories":[1],"tags":[],"class_list":["post-45569","post","type-post","status-publish","format-standard","has-post-thumbnail","hentry","category-cronica"],"_links":{"self":[{"href":"https:\/\/www.radiopresidenteibanez.cl\/web\/wp-json\/wp\/v2\/posts\/45569","targetHints":{"allow":["GET"]}}],"collection":[{"href":"https:\/\/www.radiopresidenteibanez.cl\/web\/wp-json\/wp\/v2\/posts"}],"about":[{"href":"https:\/\/www.radiopresidenteibanez.cl\/web\/wp-json\/wp\/v2\/types\/post"}],"author":[{"embeddable":true,"href":"https:\/\/www.radiopresidenteibanez.cl\/web\/wp-json\/wp\/v2\/users\/2"}],"replies":[{"embeddable":true,"href":"https:\/\/www.radiopresidenteibanez.cl\/web\/wp-json\/wp\/v2\/comments?post=45569"}],"version-history":[{"count":0,"href":"https:\/\/www.radiopresidenteibanez.cl\/web\/wp-json\/wp\/v2\/posts\/45569\/revisions"}],"wp:featuredmedia":[{"embeddable":true,"href":"https:\/\/www.radiopresidenteibanez.cl\/web\/wp-json\/wp\/v2\/media\/45570"}],"wp:attachment":[{"href":"https:\/\/www.radiopresidenteibanez.cl\/web\/wp-json\/wp\/v2\/media?parent=45569"}],"wp:term":[{"taxonomy":"category","embeddable":true,"href":"https:\/\/www.radiopresidenteibanez.cl\/web\/wp-json\/wp\/v2\/categories?post=45569"},{"taxonomy":"post_tag","embeddable":true,"href":"https:\/\/www.radiopresidenteibanez.cl\/web\/wp-json\/wp\/v2\/tags?post=45569"}],"curies":[{"name":"wp","href":"https:\/\/api.w.org\/{rel}","templated":true}]}}