{"id":45566,"date":"2024-01-11T15:41:00","date_gmt":"2024-01-11T18:41:00","guid":{"rendered":"https:\/\/www.radiopresidenteibanez.cl\/web\/?p=45566"},"modified":"2024-01-11T10:44:39","modified_gmt":"2024-01-11T13:44:39","slug":"presidente-del-banco-estado-informo-que-este-ano-se-ampliara-la-sucursal-de-puerto-natales","status":"publish","type":"post","link":"https:\/\/www.radiopresidenteibanez.cl\/web\/presidente-del-banco-estado-informo-que-este-ano-se-ampliara-la-sucursal-de-puerto-natales\/","title":{"rendered":"PRESIDENTE DEL BANCO ESTADO INFORMO QUE ESTE A\u00d1O SE AMPLIARA LA SUCURSAL DE PUERTO NATALES"},"content":{"rendered":"\n<p>Con gran satisfacci\u00f3n de aportar con su trabajo al beneficio de los adultos mayores, el<br>senador Alejandro Kusanovic recibi\u00f3 la respuesta del BancoEstado donde le informaron<br>que ampliaran la sucursal de la comuna de Puerto Natales, la que no contaba con las<br>condiciones necesarias para atender a sus usuarios, requiriendo una mejora acorde al<br>crecimiento que ha experimentado la comuna.<br>El Presidente del BancoEstado, Daniel Hojman, comunico al parlamentario &#8211; dando<br>respuesta a sus oficios &#8211; que luego de haber concluido de forma satisfactoria el proceso<br>de licitaci\u00f3n \u201cel inicio de los trabajos de ampliaci\u00f3n de nuestra sucursal en Puerto Natales<br>se ha programado para el primer semestre del a\u00f1o 2024, proyectando la finalizaci\u00f3n de<br>obras para finales del mismo periodo\u201d. En su respuesta, Hojman reconoci\u00f3 la<br>preocupaci\u00f3n del senador por transmitir las necesidades de la comunidad de Natales,<br>indicando que \u201csabemos que es una gran noticia para los habitantes de esta comuna\u201d.<br>La presidenta del club de adulto mayor \u201cRenacer\u201d, Gaby de Freitas, se mostr\u00f3 contenta<br>con la noticia y aprovecho de agradecer que el senador se haya preocupado del tema,<br>detallando que \u201cel se\u00f1or Alejandro vino a mi casa cuando yo era presidenta de la Uni\u00f3n<br>Comunal y conversamos sobre el BancoEstado, que es muy chico, especialmente para<br>atender al adulto mayor cuando cobra su pensi\u00f3n o hace tramites, es demasiado estrecho<br>y tenemos que esperar harto rato. Yo creo que es una buena noticia para todos en<br>Natales y especialmente para los adultos mayores\u201d concluyo.<br>Finalmente, junto con reiterar su compromiso con los habitantes de la regi\u00f3n, el<br>parlamentario record\u00f3 que \u201cesta necesidad se venia arrastrando hace a\u00f1os, donde los<br>m\u00e1s perjudicados son las personas mayores, lo que se agravo durante la pandemia,<br>form\u00e1ndose largas filas fuera de la sucursal a la intemperie. Por lo que estoy contento de<br>aportar mi grano de arena para su soluci\u00f3n, especialmente a una sucursal que atiende a<br>toda la Provincia de Ultima Esperanza.\u201d<\/p>\n","protected":false},"excerpt":{"rendered":"<p>Con gran satisfacci\u00f3n de aportar con su trabajo al beneficio de los adultos mayores, elsenador Alejandro Kusanovic recibi\u00f3 la respuesta del BancoEstado donde le informaronque ampliaran la sucursal de la&#8230; <a class=\"read-more\" href=\"https:\/\/www.radiopresidenteibanez.cl\/web\/presidente-del-banco-estado-informo-que-este-ano-se-ampliara-la-sucursal-de-puerto-natales\/\">Leer m\u00e1s<\/a><\/p>\n","protected":false},"author":2,"featured_media":45567,"comment_status":"closed","ping_status":"closed","sticky":false,"template":"","format":"standard","meta":{"footnotes":""},"categories":[1],"tags":[],"class_list":["post-45566","post","type-post","status-publish","format-standard","has-post-thumbnail","hentry","category-cronica"],"_links":{"self":[{"href":"https:\/\/www.radiopresidenteibanez.cl\/web\/wp-json\/wp\/v2\/posts\/45566","targetHints":{"allow":["GET"]}}],"collection":[{"href":"https:\/\/www.radiopresidenteibanez.cl\/web\/wp-json\/wp\/v2\/posts"}],"about":[{"href":"https:\/\/www.radiopresidenteibanez.cl\/web\/wp-json\/wp\/v2\/types\/post"}],"author":[{"embeddable":true,"href":"https:\/\/www.radiopresidenteibanez.cl\/web\/wp-json\/wp\/v2\/users\/2"}],"replies":[{"embeddable":true,"href":"https:\/\/www.radiopresidenteibanez.cl\/web\/wp-json\/wp\/v2\/comments?post=45566"}],"version-history":[{"count":0,"href":"https:\/\/www.radiopresidenteibanez.cl\/web\/wp-json\/wp\/v2\/posts\/45566\/revisions"}],"wp:featuredmedia":[{"embeddable":true,"href":"https:\/\/www.radiopresidenteibanez.cl\/web\/wp-json\/wp\/v2\/media\/45567"}],"wp:attachment":[{"href":"https:\/\/www.radiopresidenteibanez.cl\/web\/wp-json\/wp\/v2\/media?parent=45566"}],"wp:term":[{"taxonomy":"category","embeddable":true,"href":"https:\/\/www.radiopresidenteibanez.cl\/web\/wp-json\/wp\/v2\/categories?post=45566"},{"taxonomy":"post_tag","embeddable":true,"href":"https:\/\/www.radiopresidenteibanez.cl\/web\/wp-json\/wp\/v2\/tags?post=45566"}],"curies":[{"name":"wp","href":"https:\/\/api.w.org\/{rel}","templated":true}]}}