{"id":45518,"date":"2024-01-10T09:30:00","date_gmt":"2024-01-10T12:30:00","guid":{"rendered":"https:\/\/www.radiopresidenteibanez.cl\/web\/?p=45518"},"modified":"2024-01-10T10:43:43","modified_gmt":"2024-01-10T13:43:43","slug":"a-los-que-luchan-se-les-castiga-y-condena-y-los-delincuentes-siguen-en-la-moneda-cantan-los-miserables","status":"publish","type":"post","link":"https:\/\/www.radiopresidenteibanez.cl\/web\/a-los-que-luchan-se-les-castiga-y-condena-y-los-delincuentes-siguen-en-la-moneda-cantan-los-miserables\/","title":{"rendered":"A los que luchan se les castiga y condena y los delincuentes siguen en La Moneda..\u00bb cantan Los Miserables"},"content":{"rendered":"\n<p>No nos cansaremos de insistir en la importancia de las comunicaciones, para el desarrollo de la cultura sindical y la conciencia de clase.<br>Es dif\u00edcil incidir en la conciencia de las personas, m\u00e1s a\u00fan en estos tiempos donde gran parte de los espacios se encuentran copados de elementos basura que podr\u00e1n aportar mucho a la distracci\u00f3n, pero que son nulo aporte en la cultura social y la educaci\u00f3n de los derechos, tanto los derechos humanos como aquellos que derivan de la relaci\u00f3n del ser humano con el capital y que no siempre se traducen en cuestiones positivas.<br>Por eso nos sentimos orgullosos de esta a solo 25 programas de las 1.500 emisiones radiales con la voz de los trabajadores, programa radial que hemos sacado ininterrumpidamente desde el a\u00f1o 2.000 en ediciones quincenales, semanales e incluso diarias en alg\u00fan momento.<br>Una emisi\u00f3n que se ha sostenido gracias a las consultas y sugerencias de fieles auditores, que nos han seguido por a\u00f1os y han entregado los datos a otros que tambi\u00e9n consultan y proponen.<br>En la actualidad transmitimos 3 veces por semana los d\u00edas mi\u00e9rcoles de 19.00 a 20.00 y los s\u00e1bados y lunes de 19.00 a 19.30 horas.<br>Desde el 1 de diciembre de 2023 puede tambi\u00e9n seguir nuestros podcast en Spotify donde tenemos los programas de radio y tambi\u00e9n el Pulso Sindical Diario, sin descuidar que pueden buscarnos en&nbsp;<a href=\"http:\/\/www.lavozdelostrabajadores.cl\/\" target=\"_blank\" rel=\"noreferrer noopener\">www.lavozdelostrabajadores.cl<\/a>&nbsp;donde pueden disfrutar de noticias y m\u00fasica las 24 horas del d\u00eda.<\/p>\n\n\n\n<p>2.- Estamos a 2 n\u00famero de llegar a las 100 ediciones impresas de nuestro periodico informativo, pero los cambios y algunas dificultades econ\u00f3micas nos llevaron a distanciar dicha emisi\u00f3n que aportaba muchos antecedentes educativos, los que fuimos cubriendo con informativos virtuales peri\u00f3dicos mensuales.<br>Pero como la demanda de informaci\u00f3n aumenta cada d\u00eda, a contar de la primera quincena de enero de 2024 se comenzar\u00e1 a difundir el periodico informativo virtual quincenal de la CGT, el que estamos seguros nos pediran a traves del whatsapp+56 935671159 y del correo&nbsp;<a href=\"mailto:cgt.chile@gmail.com\" target=\"_blank\" rel=\"noreferrer noopener\">cgt.chile@gmail.com<\/a>.<br>Finalmente contarles que tambi\u00e9n nos acercamos a las 1.500 ediciones del Pulso Sindical Diario esta columna de opini\u00f3n que est\u00e1 con ustedes d\u00eda a d\u00eda, desde el 1 de abril de 2020 y que se nutre de todo aquello que demandan los trabajadores que quieren estar informados.<br>Contamos con ustedes para que todos estos instrumentos de comunicaci\u00f3n se masifiquen y cumplan su rol, que no es otro que educar a la clase trabajadora. en sus derechos.<\/p>\n","protected":false},"excerpt":{"rendered":"<p>No nos cansaremos de insistir en la importancia de las comunicaciones, para el desarrollo de la cultura sindical y la conciencia de clase.Es dif\u00edcil incidir en la conciencia de las&#8230; <a class=\"read-more\" href=\"https:\/\/www.radiopresidenteibanez.cl\/web\/a-los-que-luchan-se-les-castiga-y-condena-y-los-delincuentes-siguen-en-la-moneda-cantan-los-miserables\/\">Leer m\u00e1s<\/a><\/p>\n","protected":false},"author":2,"featured_media":45519,"comment_status":"closed","ping_status":"closed","sticky":false,"template":"","format":"standard","meta":{"footnotes":""},"categories":[1],"tags":[],"class_list":["post-45518","post","type-post","status-publish","format-standard","has-post-thumbnail","hentry","category-cronica"],"_links":{"self":[{"href":"https:\/\/www.radiopresidenteibanez.cl\/web\/wp-json\/wp\/v2\/posts\/45518","targetHints":{"allow":["GET"]}}],"collection":[{"href":"https:\/\/www.radiopresidenteibanez.cl\/web\/wp-json\/wp\/v2\/posts"}],"about":[{"href":"https:\/\/www.radiopresidenteibanez.cl\/web\/wp-json\/wp\/v2\/types\/post"}],"author":[{"embeddable":true,"href":"https:\/\/www.radiopresidenteibanez.cl\/web\/wp-json\/wp\/v2\/users\/2"}],"replies":[{"embeddable":true,"href":"https:\/\/www.radiopresidenteibanez.cl\/web\/wp-json\/wp\/v2\/comments?post=45518"}],"version-history":[{"count":0,"href":"https:\/\/www.radiopresidenteibanez.cl\/web\/wp-json\/wp\/v2\/posts\/45518\/revisions"}],"wp:featuredmedia":[{"embeddable":true,"href":"https:\/\/www.radiopresidenteibanez.cl\/web\/wp-json\/wp\/v2\/media\/45519"}],"wp:attachment":[{"href":"https:\/\/www.radiopresidenteibanez.cl\/web\/wp-json\/wp\/v2\/media?parent=45518"}],"wp:term":[{"taxonomy":"category","embeddable":true,"href":"https:\/\/www.radiopresidenteibanez.cl\/web\/wp-json\/wp\/v2\/categories?post=45518"},{"taxonomy":"post_tag","embeddable":true,"href":"https:\/\/www.radiopresidenteibanez.cl\/web\/wp-json\/wp\/v2\/tags?post=45518"}],"curies":[{"name":"wp","href":"https:\/\/api.w.org\/{rel}","templated":true}]}}