{"id":455,"date":"2019-01-14T18:22:28","date_gmt":"2019-01-14T18:22:28","guid":{"rendered":"http:\/\/www.radiopresidenteibanez.cl\/web\/?p=455"},"modified":"2019-01-14T18:22:34","modified_gmt":"2019-01-14T18:22:34","slug":"ministerio-de-energia-llama-a-postular-a-fondo-para-soluciones-energeticas-renovables","status":"publish","type":"post","link":"https:\/\/www.radiopresidenteibanez.cl\/web\/ministerio-de-energia-llama-a-postular-a-fondo-para-soluciones-energeticas-renovables\/","title":{"rendered":"MINISTERIO DE ENERG\u00cdA LLAMA A POSTULAR A FONDO PARA SOLUCIONES ENERG\u00c9TICAS RENOVABLES"},"content":{"rendered":"\n<p>Hasta el 12 de\nfebrero del pr\u00f3ximo a\u00f1o se encontrar\u00e1n abiertas las postulaciones al 5to Fondo\nde Acceso a la Energ\u00eda (FAE) 2018-2019. <\/p>\n\n\n\n<p>As\u00ed lo inform\u00f3\nel Ministerio de Energ\u00eda, quien a trav\u00e9s de la ministra del ramo, Susana\nJim\u00e9nez, llam\u00f3 a informarse sobre las bases del concurso y a postular mediante\nel formulario web disponible en <a href=\"http:\/\/www.energia.gob.cl\/fae\">www.energia.gob.cl\/fae<\/a>. <\/p>\n\n\n\n<p>Seg\u00fan la\ncartera de Energ\u00eda, el FAE tiene como\nobjetivo central, facilitar\nel mejoramiento o acceso a la energ\u00eda a organizaciones comunitarias en sectores\nrurales, aislados y\/o vulnerables a trav\u00e9s del financiamiento de proyectos que\nimplementen sistemas energ\u00e9ticos a peque\u00f1a escala, teniendo como fuente\nprincipal el uso de energ\u00edas renovables.<\/p>\n\n\n\n<p>El\nFAE ha ido creciendo a\u00f1o a a\u00f1o, partiendo el 2014 con 52 iniciativas postuladas, de las cuales s\u00f3lo 6 proyectos se\nadjudicaron montos por un total de $168 millones de pesos. Para la cuarta\nversi\u00f3n, (la m\u00e1s reciente) del concurso realizada el 2017, hubo 669\npostulaciones, resultando adjudicados 67 proyectos por un total de\n$640.189.000. De ellos, dos recayeron en Magallanes: Jard\u00edn infantil \u201cSolcito\nde la Patagonia\u201d y Posta de Avanzada de la localidad de Cerro Guido en la\ncomuna de Torres del Payne, y la Asociaci\u00f3n Ind\u00edgena Ketrawe Mapu de Punta\nArenas. <\/p>\n\n\n\n<p>PARTICIPANTES<\/p>\n\n\n\n<p>Este fondo beneficiar\u00e1 a\ninstituciones constituidas como persona jur\u00eddica tales como: organizaciones\ncomunitarias (Ley N\u00b019.418), comunidades y asociaciones ind\u00edgenas (Ley\nN\u00b019.253), Asociaciones y fundaciones sin fines de lucro (Ley N\u00b020.500);\ntambi\u00e9n podr\u00e1n postular municipalidades y otro tipo de organizaciones sin fines\nde lucro. <\/p>\n\n\n\n<p>Cabe destacar que la\norganizaci\u00f3n beneficiaria no puede haber recibido un proyecto de este mismo\nfondo en las versiones de los a\u00f1os 2016 ni 2017.<\/p>\n\n\n\n<p>En relaci\u00f3n a la\nformulaci\u00f3n del proyecto, el postulante deber\u00e1 seleccionar el tipo de soluci\u00f3n\na la cual postula, a saber:<\/p>\n\n\n\n<ol class=\"wp-block-list\"><li>Soluci\u00f3n de\n     energizaci\u00f3n a trav\u00e9s de generaci\u00f3n fotovoltaica y almacenamiento en\n     bater\u00edas.&nbsp;Las\/Los beneficiarias\/os podr\u00e1n obtener un\n     sistema de m\u00e1ximo 10 kWp de potencia.<\/li><li>Soluci\u00f3n de\n     energizaci\u00f3n a trav\u00e9s de un sistema solar t\u00e9rmico.&nbsp;Los\n     beneficiarios podr\u00e1n obtener un sistema solar t\u00e9rmico de m\u00e1ximo 12 mts2 de\n     colectores.<\/li><\/ol>\n\n\n\n<p>Seg\u00fan los resultados de la evaluaci\u00f3n del\nconcurso, el Ministerio de Energ\u00eda dimensionar\u00e1 los proyectos seleccionados y\nluego realizar\u00e1 una o varias licitaciones a trav\u00e9s de las cuales se proveer\u00e1n\nlas soluciones energ\u00e9ticas adjudicadas.<\/p>\n\n\n\n<p>Desde Energ\u00eda Magallanes informaron que durante\nla pr\u00f3xima semana se iniciar\u00e1n visitas informativas a todas las provincias de\nla regi\u00f3n para aclarar dudas sobre el proceso. <\/p>\n\n\n\n<p>Reforzando lo anterior y a fin de resolver el\nm\u00e1ximo de interrogantes sobre la postulaci\u00f3n, la cartera de Energ\u00eda dispuso de\nuna plataforma web con informaci\u00f3n adicional disponible en:&nbsp; <a href=\"http:\/\/atencionciudadana.minenergia.cl\/tramites\/informacion\/37\/\">http:\/\/atencionciudadana.minenergia.cl\/tramites\/informacion\/37\/<\/a>&nbsp; &nbsp;<\/p>\n","protected":false},"excerpt":{"rendered":"<p>Hasta el 12 de febrero del pr\u00f3ximo a\u00f1o se encontrar\u00e1n abiertas las postulaciones al 5to Fondo de Acceso a la Energ\u00eda (FAE) 2018-2019. As\u00ed lo inform\u00f3 el Ministerio de Energ\u00eda,&#8230; <a class=\"read-more\" href=\"https:\/\/www.radiopresidenteibanez.cl\/web\/ministerio-de-energia-llama-a-postular-a-fondo-para-soluciones-energeticas-renovables\/\">Leer m\u00e1s<\/a><\/p>\n","protected":false},"author":2,"featured_media":456,"comment_status":"closed","ping_status":"closed","sticky":false,"template":"","format":"standard","meta":{"footnotes":""},"categories":[1],"tags":[],"class_list":["post-455","post","type-post","status-publish","format-standard","has-post-thumbnail","hentry","category-cronica"],"_links":{"self":[{"href":"https:\/\/www.radiopresidenteibanez.cl\/web\/wp-json\/wp\/v2\/posts\/455","targetHints":{"allow":["GET"]}}],"collection":[{"href":"https:\/\/www.radiopresidenteibanez.cl\/web\/wp-json\/wp\/v2\/posts"}],"about":[{"href":"https:\/\/www.radiopresidenteibanez.cl\/web\/wp-json\/wp\/v2\/types\/post"}],"author":[{"embeddable":true,"href":"https:\/\/www.radiopresidenteibanez.cl\/web\/wp-json\/wp\/v2\/users\/2"}],"replies":[{"embeddable":true,"href":"https:\/\/www.radiopresidenteibanez.cl\/web\/wp-json\/wp\/v2\/comments?post=455"}],"version-history":[{"count":0,"href":"https:\/\/www.radiopresidenteibanez.cl\/web\/wp-json\/wp\/v2\/posts\/455\/revisions"}],"wp:featuredmedia":[{"embeddable":true,"href":"https:\/\/www.radiopresidenteibanez.cl\/web\/wp-json\/wp\/v2\/media\/456"}],"wp:attachment":[{"href":"https:\/\/www.radiopresidenteibanez.cl\/web\/wp-json\/wp\/v2\/media?parent=455"}],"wp:term":[{"taxonomy":"category","embeddable":true,"href":"https:\/\/www.radiopresidenteibanez.cl\/web\/wp-json\/wp\/v2\/categories?post=455"},{"taxonomy":"post_tag","embeddable":true,"href":"https:\/\/www.radiopresidenteibanez.cl\/web\/wp-json\/wp\/v2\/tags?post=455"}],"curies":[{"name":"wp","href":"https:\/\/api.w.org\/{rel}","templated":true}]}}