{"id":45485,"date":"2024-01-09T19:19:00","date_gmt":"2024-01-09T22:19:00","guid":{"rendered":"https:\/\/www.radiopresidenteibanez.cl\/web\/?p=45485"},"modified":"2024-01-09T11:22:31","modified_gmt":"2024-01-09T14:22:31","slug":"cft-de-magallanes-invertira-cerca-de-1-028-millones-de-pesos-en-renovar-sus-instalaciones-en-porvenir","status":"publish","type":"post","link":"https:\/\/www.radiopresidenteibanez.cl\/web\/cft-de-magallanes-invertira-cerca-de-1-028-millones-de-pesos-en-renovar-sus-instalaciones-en-porvenir\/","title":{"rendered":"CFT DE MAGALLANES INVERTIRA CERCA DE 1.028 MILLONES DE PESOS EN RENOVAR SUS INSTALACIONES EN PORVENIR"},"content":{"rendered":"\n<p>Alrededor de un 90% de la sede acad\u00e9mica que el CFT de Magallanes tiene en Porvenir,<br>ser\u00e1 intervenido durante este 2024, con la ejecuci\u00f3n de 14 proyectos cuyos fondos fueron<br>aprobados por el Ministerio de Educaci\u00f3n, obras que van en directo beneficio de<br>estudiantes, docentes, funcionarios y funcionarias, adem\u00e1s de toda la comunidad,<br>manteniendo su pol\u00edtica de puertas abiertas.<br>Diversas fueron las mejoras que se concretaron en la sede fueguina durante el 2023, un<br>mejor acceso principal, renovaci\u00f3n de sanitarios, apertura del Espacio Cultural CFT,<br>implementaci\u00f3n de pabell\u00f3n veterinario, todo con el \u00fanico objetivo de brindar mejores<br>dependencias, con mayor y m\u00e1s especializado equipamiento para las y los estudiantes.<br>Jeanns C\u00e1rdenas Coyopae, asesor de Proyectos de Infraestructura del CFT, coment\u00f3 que<br>entre los trabajos que se espera inicien este mes y que se extiendan de manera<br>programada hasta fin de a\u00f1o, destacan la remodelaci\u00f3n del a\u00f1oso patio techado, la m\u00e1s<br>importante de las obras, debido al impacto que tendr\u00e1 no solo en la comunidad<br>acad\u00e9mica, sino tambi\u00e9n para las y los habitantes de Porvenir, siendo dicho espacio sede<br>de diversas actividades socio-culturales.<br>Asimismo, est\u00e1 contemplado remodelar la Sala Cowork, el Taller de Acu\u00edcola, construir el<br>Centro de Recursos del Aprendizaje (CRA) y habilitar mejores espacios para el \u00c1rea<br>Acad\u00e9mica.<br>Detall\u00f3 el profesional que las 14 intervenciones significar\u00e1n una inversi\u00f3n cercana a los<br>$1.028.000.000.<br>\u201cEstos proyectos se han levantado para mejorar las condiciones del diario vivir de las y los<br>estudiantes, pero tambi\u00e9n para los docentes, funcionarios y funcionarias y adem\u00e1s a la<br>comunidad de Porvenir\u201d, acot\u00f3 C\u00e1rdenas Coyopae.<br>Sobre lo mismo, se refiri\u00f3 la jefa de la unidad de Vinculaci\u00f3n con el Medio, Cindy Galaz<br>Solar, quien destac\u00f3 que, como pol\u00edtica instalada durante la pandemia, el CFT de<br>Magallanes, en especial en su sede en Tierra del Fuego, mantendr\u00e1 la pol\u00edtica de \u201cpuertas<br>abiertas\u201d para la utilizaci\u00f3n de espacios e instalaciones para actividades o eventos que<br>signifiquen un aporte a la ciudadan\u00eda, en vista y consideraci\u00f3n del rol articulador que la<br>instituci\u00f3n ha consolidado en la capital fueguina.<\/p>\n","protected":false},"excerpt":{"rendered":"<p>Alrededor de un 90% de la sede acad\u00e9mica que el CFT de Magallanes tiene en Porvenir,ser\u00e1 intervenido durante este 2024, con la ejecuci\u00f3n de 14 proyectos cuyos fondos fueronaprobados por&#8230; <a class=\"read-more\" href=\"https:\/\/www.radiopresidenteibanez.cl\/web\/cft-de-magallanes-invertira-cerca-de-1-028-millones-de-pesos-en-renovar-sus-instalaciones-en-porvenir\/\">Leer m\u00e1s<\/a><\/p>\n","protected":false},"author":2,"featured_media":45486,"comment_status":"closed","ping_status":"closed","sticky":false,"template":"","format":"standard","meta":{"footnotes":""},"categories":[1],"tags":[],"class_list":["post-45485","post","type-post","status-publish","format-standard","has-post-thumbnail","hentry","category-cronica"],"_links":{"self":[{"href":"https:\/\/www.radiopresidenteibanez.cl\/web\/wp-json\/wp\/v2\/posts\/45485","targetHints":{"allow":["GET"]}}],"collection":[{"href":"https:\/\/www.radiopresidenteibanez.cl\/web\/wp-json\/wp\/v2\/posts"}],"about":[{"href":"https:\/\/www.radiopresidenteibanez.cl\/web\/wp-json\/wp\/v2\/types\/post"}],"author":[{"embeddable":true,"href":"https:\/\/www.radiopresidenteibanez.cl\/web\/wp-json\/wp\/v2\/users\/2"}],"replies":[{"embeddable":true,"href":"https:\/\/www.radiopresidenteibanez.cl\/web\/wp-json\/wp\/v2\/comments?post=45485"}],"version-history":[{"count":0,"href":"https:\/\/www.radiopresidenteibanez.cl\/web\/wp-json\/wp\/v2\/posts\/45485\/revisions"}],"wp:featuredmedia":[{"embeddable":true,"href":"https:\/\/www.radiopresidenteibanez.cl\/web\/wp-json\/wp\/v2\/media\/45486"}],"wp:attachment":[{"href":"https:\/\/www.radiopresidenteibanez.cl\/web\/wp-json\/wp\/v2\/media?parent=45485"}],"wp:term":[{"taxonomy":"category","embeddable":true,"href":"https:\/\/www.radiopresidenteibanez.cl\/web\/wp-json\/wp\/v2\/categories?post=45485"},{"taxonomy":"post_tag","embeddable":true,"href":"https:\/\/www.radiopresidenteibanez.cl\/web\/wp-json\/wp\/v2\/tags?post=45485"}],"curies":[{"name":"wp","href":"https:\/\/api.w.org\/{rel}","templated":true}]}}