{"id":45476,"date":"2024-01-09T15:37:00","date_gmt":"2024-01-09T18:37:00","guid":{"rendered":"https:\/\/www.radiopresidenteibanez.cl\/web\/?p=45476"},"modified":"2024-01-09T11:07:59","modified_gmt":"2024-01-09T14:07:59","slug":"asociacion-de-hoteles-y-servicios-turisticos-de-torres-del-paine-analiza2023-aun-estamos-lejos-de-las-cifras-historicas-de-2019","status":"publish","type":"post","link":"https:\/\/www.radiopresidenteibanez.cl\/web\/asociacion-de-hoteles-y-servicios-turisticos-de-torres-del-paine-analiza2023-aun-estamos-lejos-de-las-cifras-historicas-de-2019\/","title":{"rendered":"Asociaci\u00f3n de Hoteles y Servicios Tur\u00edsticos de Torres del Paine analiza2023: \u201cA\u00fan estamos lejos de las cifras hist\u00f3ricas de 2019\u201d"},"content":{"rendered":"\n<p>El 2023 fue un a\u00f1o lleno de contrates para el turismo en Magallanes,<br>sobre todo para Torres del Paine, donde el gremio trabaj\u00f3 intensamente para generar alianzas que<br>permitan la recuperaci\u00f3n de las cifras de ingreso a la Octava Maravilla.<br>Seg\u00fan las \u00faltimas cifras entregadas por CONAF, el parque experiment\u00f3 un aumento del 57% en las<br>visitas durante 2023, alcanzando 220.920 visitantes.<br>Sara Adema, gerente de la Asociaci\u00f3n de Hoteles y Servicios Tur\u00edsticos de Torres del Paine, HYST,<br>resalt\u00f3 que \u201csi bien estos n\u00fameros reflejan un crecimiento, la realidad nos muestra que a\u00fan<br>estamos un 27,4% por debajo de las cifras registradas en 2019, la mejor temporada tur\u00edstica que<br>hemos tenido en Magallanes\u201d.<br>Agreg\u00f3 que \u201cel mes de diciembre de 2023 hubo un incremento, con 29.870 visitantes, superando<br>en 4.427 personas las cifras de 2022. No obstante, la brecha con 2019 sigue siendo significativa,<br>cuando el parque recibi\u00f3 a 43.976 personas en el mismo per\u00edodo\u201d.<br>Respecto al origen de los visitantes, destac\u00f3 que \u201ceste a\u00f1o, el 62% de los visitantes fueron<br>extranjeros, alcanzando los 136.905 personas, mientras los turistas nacionales representaron un<br>38% con 84.015 visitantes. Si bien estas cifras son alentadoras, nos indican que debemos continuar<br>trabajando en la promoci\u00f3n del destino, un desaf\u00edo que involucra al sector p\u00fablico y privado para<br>el 2024\u201d.<br>Finalmente, la gerente de HYST enfatiz\u00f3 en que como gremio continuar\u00e1n trabajando para que el<br>Parque Nacional Torres del Paine, continue ofreciendo experiencias \u00fanicas que sigan atrayendo a<br>los amantes de la naturaleza.<\/p>\n","protected":false},"excerpt":{"rendered":"<p>El 2023 fue un a\u00f1o lleno de contrates para el turismo en Magallanes,sobre todo para Torres del Paine, donde el gremio trabaj\u00f3 intensamente para generar alianzas quepermitan la recuperaci\u00f3n de&#8230; <a class=\"read-more\" href=\"https:\/\/www.radiopresidenteibanez.cl\/web\/asociacion-de-hoteles-y-servicios-turisticos-de-torres-del-paine-analiza2023-aun-estamos-lejos-de-las-cifras-historicas-de-2019\/\">Leer m\u00e1s<\/a><\/p>\n","protected":false},"author":2,"featured_media":45477,"comment_status":"closed","ping_status":"closed","sticky":false,"template":"","format":"standard","meta":{"footnotes":""},"categories":[1],"tags":[],"class_list":["post-45476","post","type-post","status-publish","format-standard","has-post-thumbnail","hentry","category-cronica"],"_links":{"self":[{"href":"https:\/\/www.radiopresidenteibanez.cl\/web\/wp-json\/wp\/v2\/posts\/45476","targetHints":{"allow":["GET"]}}],"collection":[{"href":"https:\/\/www.radiopresidenteibanez.cl\/web\/wp-json\/wp\/v2\/posts"}],"about":[{"href":"https:\/\/www.radiopresidenteibanez.cl\/web\/wp-json\/wp\/v2\/types\/post"}],"author":[{"embeddable":true,"href":"https:\/\/www.radiopresidenteibanez.cl\/web\/wp-json\/wp\/v2\/users\/2"}],"replies":[{"embeddable":true,"href":"https:\/\/www.radiopresidenteibanez.cl\/web\/wp-json\/wp\/v2\/comments?post=45476"}],"version-history":[{"count":0,"href":"https:\/\/www.radiopresidenteibanez.cl\/web\/wp-json\/wp\/v2\/posts\/45476\/revisions"}],"wp:featuredmedia":[{"embeddable":true,"href":"https:\/\/www.radiopresidenteibanez.cl\/web\/wp-json\/wp\/v2\/media\/45477"}],"wp:attachment":[{"href":"https:\/\/www.radiopresidenteibanez.cl\/web\/wp-json\/wp\/v2\/media?parent=45476"}],"wp:term":[{"taxonomy":"category","embeddable":true,"href":"https:\/\/www.radiopresidenteibanez.cl\/web\/wp-json\/wp\/v2\/categories?post=45476"},{"taxonomy":"post_tag","embeddable":true,"href":"https:\/\/www.radiopresidenteibanez.cl\/web\/wp-json\/wp\/v2\/tags?post=45476"}],"curies":[{"name":"wp","href":"https:\/\/api.w.org\/{rel}","templated":true}]}}