{"id":45467,"date":"2024-01-09T11:52:00","date_gmt":"2024-01-09T14:52:00","guid":{"rendered":"https:\/\/www.radiopresidenteibanez.cl\/web\/?p=45467"},"modified":"2024-01-09T10:56:07","modified_gmt":"2024-01-09T13:56:07","slug":"consejero-regional-fueguino-consulto-sobre-oficina-local-del-slep","status":"publish","type":"post","link":"https:\/\/www.radiopresidenteibanez.cl\/web\/consejero-regional-fueguino-consulto-sobre-oficina-local-del-slep\/","title":{"rendered":"CONSEJERO REGIONAL FUEGUINO CONSULTO SOBRE OFICINA LOCAL DEL SLEP"},"content":{"rendered":"\n<p>En representaci\u00f3n de la comunidad porvenire\u00f1a, el consejero regional Andr\u00e9s L\u00f3pez solicit\u00f3<br>antecedentes sobre la apertura de una oficina local del Servicio Local de Educaci\u00f3n P\u00fablica en<br>Porvenir. Para eso se reuni\u00f3 con el director del organismo sostenedor de los recintos educativos,<br>Mario Garc\u00eda.<br>En el encuentro, el representante fueguino fue informado de las gestiones en marcha para la<br>apertura de la oficina local, que deber\u00eda estar habilitada antes de marzo.<br>Tambi\u00e9n pidi\u00f3 antecedentes sobre el uso de los gimnasios de los recintos educacionales despu\u00e9s<br>del horario de clases, considerando que hay organizaciones de la comunidad, sin fines de lucro,<br>que acuden a ellos para practicar deportes y que reci\u00e9n en dos a\u00f1os podr\u00edan contar con el<br>gimnasio Padre Zavattaro, cuya construcci\u00f3n acaba de partir.<br>Sobre este tema, Andr\u00e9s L\u00f3pez indic\u00f3 que el director del Slep Magallanes \u201cmostr\u00f3 una muy buena<br>disposici\u00f3n y por eso nos vamos tranquilos, pensando que las peticiones que hemos hecho ser\u00e1n<br>acogidas y con la plena seguridad de la apertura de la oficina local de este servicio en Porvenir\u201d.<br>Dado que el Consejo Regional es un organismo que decide sobre el uso de millonarios recursos,<br>Andr\u00e9s L\u00f3pez comunic\u00f3 que aprobaron financiamiento para los dise\u00f1os de mejoras en las escuelas<br>Pedro Pablo Lemaitre y Argentina, en Punta Arenas; y que esperan avanzar pronto en un proyecto<br>similar para la escuela Bernardo O\u2019Higgins de Porvenir que requiere de una urgente ampliaci\u00f3n.<\/p>\n","protected":false},"excerpt":{"rendered":"<p>En representaci\u00f3n de la comunidad porvenire\u00f1a, el consejero regional Andr\u00e9s L\u00f3pez solicit\u00f3antecedentes sobre la apertura de una oficina local del Servicio Local de Educaci\u00f3n P\u00fablica enPorvenir. Para eso se reuni\u00f3&#8230; <a class=\"read-more\" href=\"https:\/\/www.radiopresidenteibanez.cl\/web\/consejero-regional-fueguino-consulto-sobre-oficina-local-del-slep\/\">Leer m\u00e1s<\/a><\/p>\n","protected":false},"author":2,"featured_media":45468,"comment_status":"closed","ping_status":"closed","sticky":false,"template":"","format":"standard","meta":{"footnotes":""},"categories":[1],"tags":[],"class_list":["post-45467","post","type-post","status-publish","format-standard","has-post-thumbnail","hentry","category-cronica"],"_links":{"self":[{"href":"https:\/\/www.radiopresidenteibanez.cl\/web\/wp-json\/wp\/v2\/posts\/45467","targetHints":{"allow":["GET"]}}],"collection":[{"href":"https:\/\/www.radiopresidenteibanez.cl\/web\/wp-json\/wp\/v2\/posts"}],"about":[{"href":"https:\/\/www.radiopresidenteibanez.cl\/web\/wp-json\/wp\/v2\/types\/post"}],"author":[{"embeddable":true,"href":"https:\/\/www.radiopresidenteibanez.cl\/web\/wp-json\/wp\/v2\/users\/2"}],"replies":[{"embeddable":true,"href":"https:\/\/www.radiopresidenteibanez.cl\/web\/wp-json\/wp\/v2\/comments?post=45467"}],"version-history":[{"count":0,"href":"https:\/\/www.radiopresidenteibanez.cl\/web\/wp-json\/wp\/v2\/posts\/45467\/revisions"}],"wp:featuredmedia":[{"embeddable":true,"href":"https:\/\/www.radiopresidenteibanez.cl\/web\/wp-json\/wp\/v2\/media\/45468"}],"wp:attachment":[{"href":"https:\/\/www.radiopresidenteibanez.cl\/web\/wp-json\/wp\/v2\/media?parent=45467"}],"wp:term":[{"taxonomy":"category","embeddable":true,"href":"https:\/\/www.radiopresidenteibanez.cl\/web\/wp-json\/wp\/v2\/categories?post=45467"},{"taxonomy":"post_tag","embeddable":true,"href":"https:\/\/www.radiopresidenteibanez.cl\/web\/wp-json\/wp\/v2\/tags?post=45467"}],"curies":[{"name":"wp","href":"https:\/\/api.w.org\/{rel}","templated":true}]}}