{"id":45463,"date":"2024-01-09T10:51:07","date_gmt":"2024-01-09T13:51:07","guid":{"rendered":"https:\/\/www.radiopresidenteibanez.cl\/web\/?p=45463"},"modified":"2024-01-09T10:51:16","modified_gmt":"2024-01-09T13:51:16","slug":"con-el-cuero-asombrado-me-ire-ronco-al-gritar-que-volvere-repartido-en-el-aire-a-cantar-siempre-canta-cesar-isella","status":"publish","type":"post","link":"https:\/\/www.radiopresidenteibanez.cl\/web\/con-el-cuero-asombrado-me-ire-ronco-al-gritar-que-volvere-repartido-en-el-aire-a-cantar-siempre-canta-cesar-isella\/","title":{"rendered":"Con el cuero asombrado me ir\u00e9 ronco al gritar que volver\u00e9 repartido en el aire a cantar siempre..\u00bb canta Cesar Isella"},"content":{"rendered":"\n<p>Dice la ley que los trabajadores involucrados en una negociaci\u00f3n colectiva, gozar\u00e1n del fuero establecido en la ley, desde los diez d\u00edas anteriores a la presentaci\u00f3n del proyecto y hasta 30 d\u00edas despu\u00e9s de la suscripci\u00f3n del mismo. Este fuero es muy importante, sobre todo para la primera vez que se presentar\u00e1 un proyecto colectivo.<br>No olvidemos que las herramientas m\u00e1s importantes del empleador son el miedo y las amenazas de despido.<br>Como el fuero significa una suerte de protecci\u00f3n temporal contra el despido, podemos hacer un gran trabajo de agitaci\u00f3n e invitar a muchos a ser parte del proyecto.<br>No obstante, esta cuesti\u00f3n del fuero tienen una serie de imperfecciones que, parad\u00f3jicamente, perjudican a la mujer a\u00fan cuando los promotores de la ley y quienes legislaron han hecho y hacen g\u00e1rgaras con esto de la igualdad y la participaci\u00f3n de la mujer.<\/p>\n\n\n\n<p>2.- Veamos en que se basa la afirmaci\u00f3n anterior.<br>La Comisi\u00f3n Negociadora es la directiva del Sindicato, pero si ese sindicato tiene socias y ninguna es dirigente, deber\u00e1 integrar a la comisi\u00f3n negociadora a una trabajadora elegida por el sindicato seg\u00fan diga el estatuto. Si \u00e9ste nada dice, la trabajadora deber\u00e1 ser elegida en asamblea.<br>Esta trabajadora contar\u00e1 con un fuero de 90 d\u00edas desde que se suscriba el contrato colectivo.<br>\u00bfSe puede entender tama\u00f1a discriminaci\u00f3n? La directiva sindical tiene fuero por todo el periodo sindical, la socia que vaya a la mesa de negociaci\u00f3n solo 90 d\u00edas. \u00bfSe fomenta u obliga la participaci\u00f3n de la mujer y se le da el mismo trato que al hombre?<br>La sola lectura de la ley deja claro que no.<br>Y eso no es todo. En la micro y peque\u00f1a empresa la trabajadora que se integre, sustituir\u00e1 a uno de los miembros de la directiva.<br>La misma ley indica que a la mujer que se integre no le corresponde fuero y, lo que es m\u00e1s grave, se establece que debe reemplazar a uno de los dirigentes en el proceso. \u00bfY si el sindicato tiene un solo dirigente porque tiene entre 8 y 24 socios?<br>Pongan atenci\u00f3n, es una ley injusta y discriminadora, hay que pelear para modificarla.<\/p>\n","protected":false},"excerpt":{"rendered":"<p>Dice la ley que los trabajadores involucrados en una negociaci\u00f3n colectiva, gozar\u00e1n del fuero establecido en la ley, desde los diez d\u00edas anteriores a la presentaci\u00f3n del proyecto y hasta&#8230; <a class=\"read-more\" href=\"https:\/\/www.radiopresidenteibanez.cl\/web\/con-el-cuero-asombrado-me-ire-ronco-al-gritar-que-volvere-repartido-en-el-aire-a-cantar-siempre-canta-cesar-isella\/\">Leer m\u00e1s<\/a><\/p>\n","protected":false},"author":2,"featured_media":45464,"comment_status":"closed","ping_status":"closed","sticky":false,"template":"","format":"standard","meta":{"footnotes":""},"categories":[1],"tags":[],"class_list":["post-45463","post","type-post","status-publish","format-standard","has-post-thumbnail","hentry","category-cronica"],"_links":{"self":[{"href":"https:\/\/www.radiopresidenteibanez.cl\/web\/wp-json\/wp\/v2\/posts\/45463","targetHints":{"allow":["GET"]}}],"collection":[{"href":"https:\/\/www.radiopresidenteibanez.cl\/web\/wp-json\/wp\/v2\/posts"}],"about":[{"href":"https:\/\/www.radiopresidenteibanez.cl\/web\/wp-json\/wp\/v2\/types\/post"}],"author":[{"embeddable":true,"href":"https:\/\/www.radiopresidenteibanez.cl\/web\/wp-json\/wp\/v2\/users\/2"}],"replies":[{"embeddable":true,"href":"https:\/\/www.radiopresidenteibanez.cl\/web\/wp-json\/wp\/v2\/comments?post=45463"}],"version-history":[{"count":0,"href":"https:\/\/www.radiopresidenteibanez.cl\/web\/wp-json\/wp\/v2\/posts\/45463\/revisions"}],"wp:featuredmedia":[{"embeddable":true,"href":"https:\/\/www.radiopresidenteibanez.cl\/web\/wp-json\/wp\/v2\/media\/45464"}],"wp:attachment":[{"href":"https:\/\/www.radiopresidenteibanez.cl\/web\/wp-json\/wp\/v2\/media?parent=45463"}],"wp:term":[{"taxonomy":"category","embeddable":true,"href":"https:\/\/www.radiopresidenteibanez.cl\/web\/wp-json\/wp\/v2\/categories?post=45463"},{"taxonomy":"post_tag","embeddable":true,"href":"https:\/\/www.radiopresidenteibanez.cl\/web\/wp-json\/wp\/v2\/tags?post=45463"}],"curies":[{"name":"wp","href":"https:\/\/api.w.org\/{rel}","templated":true}]}}