{"id":45453,"date":"2024-01-09T00:55:27","date_gmt":"2024-01-09T03:55:27","guid":{"rendered":"https:\/\/www.radiopresidenteibanez.cl\/web\/?p=45453"},"modified":"2024-01-09T00:55:27","modified_gmt":"2024-01-09T03:55:27","slug":"puntaje-nacional-en-matematica-estudiara-pedagogia-en-la-umag","status":"publish","type":"post","link":"https:\/\/www.radiopresidenteibanez.cl\/web\/puntaje-nacional-en-matematica-estudiara-pedagogia-en-la-umag\/","title":{"rendered":"PUNTAJE NACIONAL EN MATEM\u00c1TICA ESTUDIAR\u00c1 PEDAGOG\u00cdA EN LA UMAG."},"content":{"rendered":"\n<p>La Escuela de Talentos Pedag\u00f3gicos (ETAPE) de la Universidad de Magallanes (UMAG) cerr\u00f3 con broche de oro el 2023, ya que 34 j\u00f3venes de cuarto medio de Punta Arenas y 10 de Puerto Natales que rindieron la Prueba de Acceso a la Educaci\u00f3n Superior (PAES) 2024 decidieron estudiar pedagog\u00eda en la UMAG, entre ellos,\u00a0Diego Sebasti\u00e1n Oyarzo Soto<strong>,<\/strong>\u00a0puntaje nacional en Matem\u00e1tica.<\/p>\n\n\n\n<p>El estudiante magall\u00e1nico curs\u00f3 toda su ense\u00f1anza b\u00e1sica y media en el Liceo San Jos\u00e9 de Punta Arenas, y tras conocer los resultados de su desempe\u00f1o en la prueba, decidi\u00f3 quedarse en Magallanes y estudiar Pedagog\u00eda en Matem\u00e1tica, decisi\u00f3n que, adem\u00e1s, fue felicitada por el mismo ministro de Educaci\u00f3n,\u00a0Nicol\u00e1s Cataldo Astorga.<\/p>\n\n\n\n<p>El programa ETAPE de la Universidad de Magallanes se enmarca en la pol\u00edtica nacional que promueve el ingreso a las carreras de pedagog\u00eda y tiene por finalidad atraer y orientar estudiantes que deseen estudiar pedagog\u00eda.\u00a0ETAPE viene directamente de las l\u00edneas de trabajo del proyecto PMI de Formaci\u00f3n Inicial Docente, que pretende fortalecer la vocaci\u00f3n y valoraci\u00f3n de la carrera docente, a trav\u00e9s de distintas \u00e1reas de desempe\u00f1o curricular institucional.<\/p>\n\n\n\n<p>Paulina Aliaga de la Fuente<strong>,<\/strong>\u00a0acad\u00e9mica y coordinadora ETAPE explic\u00f3 que los programas de acceso a las carreras de pedagog\u00eda buscan convocar a los estudiantes de 4\u00ba medio que demuestran vocaci\u00f3n o un inter\u00e9s inicial por la docencia a prepararse todos los d\u00edas viernes en la Universidad accediendo a un programa de formaci\u00f3n vinculado a incentivar la vocaci\u00f3n pedag\u00f3gica y fortalecer \u00e1reas de base. \u201cNosotros tenemos tres m\u00f3dulos: uno de expresi\u00f3n y sonidos orientado a desarrollar destrezas y capacidades vinculadas con la comprensi\u00f3n y producci\u00f3n de textos orales y escritos; otro l\u00f3gico matem\u00e1tico y; vocaci\u00f3n docente con perspectiva territorial. En los tres m\u00f3dulos se trabaja todo lo que tiene que ver con el ejercicio pedag\u00f3gico; no desde una manera te\u00f3rica, sino una muy pr\u00e1ctica vinculada a lo que significa ser profesor como agente de cambio\u201d, precis\u00f3.<\/p>\n\n\n\n<p>En medio de este importante proceso para su vida, Diego Oyarzo coment\u00f3 que desde muy peque\u00f1o siempre quiso ser profesor y que, en el colegio, tuvo muy buenos profesores, lo que aviv\u00f3 en \u00e9l este deseo de ser educador. \u201cDurante ese per\u00edodo yo nunca supe bien el \u00e1rea espec\u00edfica, hasta el a\u00f1o 2021 cuando empezamos a recuperar la presencialidad. Me encontr\u00e9 con profesores de ense\u00f1anza media y ah\u00ed me di cuenta de lo mucho que me gustaban las matem\u00e1ticas y la f\u00edsica. Durante el programa ETAPE en todas las clases me daba cuenta con m\u00e1s y m\u00e1s detalles de lo que era la pedagog\u00eda y cada vez me gustaba m\u00e1s. Cada detalle, cada cosa del trabajo que hab\u00eda que hacer con los chicos me llamaba m\u00e1s la atenci\u00f3n\u201d, cont\u00f3.<\/p>\n\n\n\n<p>En cuanto a su decisi\u00f3n y el valor que reviste para su futuro, el joven relat\u00f3 que \u201cmi abuela siempre me dijo que los mejores puntajes no s\u00f3lo se ten\u00edan que ir a Medicina o Derecho, porque ten\u00eda que haber gente buena en todos los trabajos. As\u00ed que el hecho de que la gente valore que yo quiera estudiar Pedagog\u00eda con el puntaje que obtuve, me llena el coraz\u00f3n, porque estoy poniendo mis aptitudes y mi trabajo al servicio de los dem\u00e1s\u201d, manifest\u00f3.<\/p>\n\n\n\n<p><\/p>\n\n\n\n<p> <\/p>\n\n\n\n<figure class=\"wp-block-image size-large\"><img loading=\"lazy\" decoding=\"async\" width=\"768\" height=\"1024\" src=\"https:\/\/www.radiopresidenteibanez.cl\/web\/wp-content\/uploads\/2024\/01\/IMG-20240108-WA0005-768x1024.jpg\" alt=\"\" class=\"wp-image-45455\" srcset=\"https:\/\/www.radiopresidenteibanez.cl\/web\/wp-content\/uploads\/2024\/01\/IMG-20240108-WA0005-768x1024.jpg 768w, https:\/\/www.radiopresidenteibanez.cl\/web\/wp-content\/uploads\/2024\/01\/IMG-20240108-WA0005-225x300.jpg 225w, https:\/\/www.radiopresidenteibanez.cl\/web\/wp-content\/uploads\/2024\/01\/IMG-20240108-WA0005-1152x1536.jpg 1152w, https:\/\/www.radiopresidenteibanez.cl\/web\/wp-content\/uploads\/2024\/01\/IMG-20240108-WA0005.jpg 1200w\" sizes=\"auto, (max-width: 768px) 100vw, 768px\" \/><\/figure>\n","protected":false},"excerpt":{"rendered":"<p>La Escuela de Talentos Pedag\u00f3gicos (ETAPE) de la Universidad de Magallanes (UMAG) cerr\u00f3 con broche de oro el 2023, ya que 34 j\u00f3venes de cuarto medio de Punta Arenas y&#8230; <a class=\"read-more\" href=\"https:\/\/www.radiopresidenteibanez.cl\/web\/puntaje-nacional-en-matematica-estudiara-pedagogia-en-la-umag\/\">Leer m\u00e1s<\/a><\/p>\n","protected":false},"author":2,"featured_media":45454,"comment_status":"closed","ping_status":"closed","sticky":false,"template":"","format":"standard","meta":{"footnotes":""},"categories":[1],"tags":[120],"class_list":["post-45453","post","type-post","status-publish","format-standard","has-post-thumbnail","hentry","category-cronica","tag-educaion"],"_links":{"self":[{"href":"https:\/\/www.radiopresidenteibanez.cl\/web\/wp-json\/wp\/v2\/posts\/45453","targetHints":{"allow":["GET"]}}],"collection":[{"href":"https:\/\/www.radiopresidenteibanez.cl\/web\/wp-json\/wp\/v2\/posts"}],"about":[{"href":"https:\/\/www.radiopresidenteibanez.cl\/web\/wp-json\/wp\/v2\/types\/post"}],"author":[{"embeddable":true,"href":"https:\/\/www.radiopresidenteibanez.cl\/web\/wp-json\/wp\/v2\/users\/2"}],"replies":[{"embeddable":true,"href":"https:\/\/www.radiopresidenteibanez.cl\/web\/wp-json\/wp\/v2\/comments?post=45453"}],"version-history":[{"count":0,"href":"https:\/\/www.radiopresidenteibanez.cl\/web\/wp-json\/wp\/v2\/posts\/45453\/revisions"}],"wp:featuredmedia":[{"embeddable":true,"href":"https:\/\/www.radiopresidenteibanez.cl\/web\/wp-json\/wp\/v2\/media\/45454"}],"wp:attachment":[{"href":"https:\/\/www.radiopresidenteibanez.cl\/web\/wp-json\/wp\/v2\/media?parent=45453"}],"wp:term":[{"taxonomy":"category","embeddable":true,"href":"https:\/\/www.radiopresidenteibanez.cl\/web\/wp-json\/wp\/v2\/categories?post=45453"},{"taxonomy":"post_tag","embeddable":true,"href":"https:\/\/www.radiopresidenteibanez.cl\/web\/wp-json\/wp\/v2\/tags?post=45453"}],"curies":[{"name":"wp","href":"https:\/\/api.w.org\/{rel}","templated":true}]}}