{"id":45385,"date":"2024-01-06T08:13:00","date_gmt":"2024-01-06T11:13:00","guid":{"rendered":"https:\/\/www.radiopresidenteibanez.cl\/web\/?p=45385"},"modified":"2024-01-05T22:23:15","modified_gmt":"2024-01-06T01:23:15","slug":"declaracion-publica-medicos-generales-de-zona-puerto-natales","status":"publish","type":"post","link":"https:\/\/www.radiopresidenteibanez.cl\/web\/declaracion-publica-medicos-generales-de-zona-puerto-natales\/","title":{"rendered":"DECLARACI\u00d3N P\u00daBLICA MEDICOS GENERALES DE ZONA PUERTO NATALES"},"content":{"rendered":"\n<p>A la opini\u00f3n p\u00fablica, queremos informar con gratitud y alivio que, tras conversaciones constructivas y trabajo colaborativo con el director y el subdirector m\u00e9dico del Hospital Dr. Augusto Essmann Burgos, se ha logrado encontrar respuestas a las problem\u00e1ticas que motivaron nuestra movilizaci\u00f3n.<\/p>\n\n\n\n<p>Valoramos el compromiso demostrado por la instituci\u00f3n para abordar estos desaf\u00edos y agradecemos la disposici\u00f3n al di\u00e1logo.<\/p>\n\n\n\n<p>Dentro de los objetivos concretados destacamos:<\/p>\n\n\n\n<p>1. Se asegura la cobertura de turnos de especialidad en gineco obstetricia.<\/p>\n\n\n\n<p>2. Se asegura la cobertura de turnos de otras especialidades.<\/p>\n\n\n\n<p>3. Se instruye revisi\u00f3n y mesa de trabajo para evaluar el modelo de atenci\u00f3n de urgencia y las prestaciones a entregar por especialidad, lo que permitir\u00e1 asegurar que la comunidad reciba atenciones de salud por la especialidad que corresponda.<\/p>\n\n\n\n<p>4. Se iniciaron las gestiones para investigar posibles irregularidades cometidas en los turnos que quedaron desprovistos.<\/p>\n\n\n\n<p>En virtud de los avances obtenidos, hemos decidido levantar la movilizaci\u00f3n que llev\u00e1bamos adelante normalizando las atenciones en el servicio de urgencia, sin embargo, queremos dejar en claro que permanecemos atentos y comprometidos con garantizar la calidad, accesibilidad y probidad de la atenci\u00f3n m\u00e9dica en nuestra comunidad, por lo que instamos a nuestras autoridades a mantener los acuerdos tomados.<\/p>\n\n\n\n<p>Queremos agradecer el apoyo recibido por parte de usuarios, comunidad hospitalaria, m\u00e9dica, Agrupaci\u00f3n MGZ y Colegio M\u00e9dico Regional y Nacional, cuyo apoyo fue clave para poder llevar a buen puerto las negociaciones.<\/p>\n\n\n\n<p>Reiteramos nuestro compromiso con la salud y bienestar de los habitantes de Puerto Natales.<\/p>\n\n\n\n<p>Agradecemos la comprensi\u00f3n de la comunidad durante este proceso y solicitamos su continuo apoyo para asegurar que las mejoras implementadas se mantengan y evolucionen.<\/p>\n\n\n\n<p><strong>Atentamente,<\/strong> <strong>M\u00e9dicos Generales de Zona<\/strong><\/p>\n\n\n\n<p><strong>Puerto Natales<\/strong><\/p>\n","protected":false},"excerpt":{"rendered":"<p>A la opini\u00f3n p\u00fablica, queremos informar con gratitud y alivio que, tras conversaciones constructivas y trabajo colaborativo con el director y el subdirector m\u00e9dico del Hospital Dr. Augusto Essmann Burgos,&#8230; <a class=\"read-more\" href=\"https:\/\/www.radiopresidenteibanez.cl\/web\/declaracion-publica-medicos-generales-de-zona-puerto-natales\/\">Leer m\u00e1s<\/a><\/p>\n","protected":false},"author":2,"featured_media":45386,"comment_status":"closed","ping_status":"closed","sticky":false,"template":"","format":"standard","meta":{"footnotes":""},"categories":[1],"tags":[],"class_list":["post-45385","post","type-post","status-publish","format-standard","has-post-thumbnail","hentry","category-cronica"],"_links":{"self":[{"href":"https:\/\/www.radiopresidenteibanez.cl\/web\/wp-json\/wp\/v2\/posts\/45385","targetHints":{"allow":["GET"]}}],"collection":[{"href":"https:\/\/www.radiopresidenteibanez.cl\/web\/wp-json\/wp\/v2\/posts"}],"about":[{"href":"https:\/\/www.radiopresidenteibanez.cl\/web\/wp-json\/wp\/v2\/types\/post"}],"author":[{"embeddable":true,"href":"https:\/\/www.radiopresidenteibanez.cl\/web\/wp-json\/wp\/v2\/users\/2"}],"replies":[{"embeddable":true,"href":"https:\/\/www.radiopresidenteibanez.cl\/web\/wp-json\/wp\/v2\/comments?post=45385"}],"version-history":[{"count":0,"href":"https:\/\/www.radiopresidenteibanez.cl\/web\/wp-json\/wp\/v2\/posts\/45385\/revisions"}],"wp:featuredmedia":[{"embeddable":true,"href":"https:\/\/www.radiopresidenteibanez.cl\/web\/wp-json\/wp\/v2\/media\/45386"}],"wp:attachment":[{"href":"https:\/\/www.radiopresidenteibanez.cl\/web\/wp-json\/wp\/v2\/media?parent=45385"}],"wp:term":[{"taxonomy":"category","embeddable":true,"href":"https:\/\/www.radiopresidenteibanez.cl\/web\/wp-json\/wp\/v2\/categories?post=45385"},{"taxonomy":"post_tag","embeddable":true,"href":"https:\/\/www.radiopresidenteibanez.cl\/web\/wp-json\/wp\/v2\/tags?post=45385"}],"curies":[{"name":"wp","href":"https:\/\/api.w.org\/{rel}","templated":true}]}}