{"id":45369,"date":"2024-01-05T10:32:37","date_gmt":"2024-01-05T13:32:37","guid":{"rendered":"https:\/\/www.radiopresidenteibanez.cl\/web\/?p=45369"},"modified":"2024-01-05T10:32:37","modified_gmt":"2024-01-05T13:32:37","slug":"ojala-el-dia-de-manana-vuelvan-o-se-queden-a-contribuir-al-desarrollo-de-nuestra-querida-region-fue-el-mensaje-del-delegado-presidencial-a-jovenes-con-distincion-a-las-trayectorias","status":"publish","type":"post","link":"https:\/\/www.radiopresidenteibanez.cl\/web\/ojala-el-dia-de-manana-vuelvan-o-se-queden-a-contribuir-al-desarrollo-de-nuestra-querida-region-fue-el-mensaje-del-delegado-presidencial-a-jovenes-con-distincion-a-las-trayectorias\/","title":{"rendered":"\u201cOjal\u00e1 el d\u00eda de ma\u00f1ana vuelvan o se queden a contribuir al desarrollo de nuestra querida regi\u00f3n\u201d, fue el mensaje del Delegado Presidencial a j\u00f3venes con Distinci\u00f3n a las Trayectorias Educativas"},"content":{"rendered":"\n<p>En la Casa de los Intendentes, se vivi\u00f3 un emotivo momento, cuando el Delegado Presidencial Regional, Jos\u00e9 Ruiz Pivcevic junto al Seremi de Educaci\u00f3n, Valent\u00edn Aguilera, recibieron a los y las j\u00f3venes estudiantes distinguidos por sus trayectorias educativas, quienes disfrutaron una once con las autoridades, instancia en la que adem\u00e1s de recibir felicitaciones por sus logros, compartieron la experiencia de vivir este proceso.<\/p>\n\n\n\n<p>El&nbsp;Delegado Presidencial, Jos\u00e9 Ruiz, se mostr\u00f3 muy contento con los destacados visitantes, e hizo \u00e9nfasis en relevar la trayectoria que tuvieron durante sus a\u00f1os de estudio, ya que con la Distinci\u00f3n a las Trayectorias Educativas se dej\u00f3 atr\u00e1s la premiaci\u00f3n a los anteriores \u201cpuntajes nacionales\u201d, indicando \u201cen atenci\u00f3n a que la mirada del Gobierno est\u00e1 en reconocer el proceso que incluye el contexto estudiantil, queremos destacar a las y los estudiantes, no solamente porque culminaron su vida de estudios con un buen puntaje en la PAES, sino porque tuvieron una distinguida trayectoria durante todos sus a\u00f1os de estudio\u201d.<\/p>\n\n\n\n<p>Explay\u00e1ndose, el Delegado agreg\u00f3 \u201cMuchas veces uno puede tener un mal d\u00eda, o tambi\u00e9n pueden quedar en evidencia las brechas de desigualdad que hay al interior de la educaci\u00f3n, por eso la importancia del proceso que han tenido como estudiantes de distintos liceos, y colegios y que finalmente termina con un buen puntaje en esta prueba de acceso a la educaci\u00f3n superior. Distinguimos la trayectoria m\u00e1s que el puntaje mismo que tuvieron el d\u00eda de la PAES\u201d. Dirigi\u00e9ndose a los y las estudiantes, la autoridad regional les expres\u00f3 un sentido mensaje: \u201cOjal\u00e1 el d\u00eda de ma\u00f1ana vuelvan o se queden a contribuir al desarrollo de nuestra querida regi\u00f3n de Magallanes\u201d<\/p>\n\n\n\n<p>El Gobernador regional, Jorge Flies A\u00f1\u00f3n, quien se sum\u00f3 al homenaje y comparti\u00f3 con los y las j\u00f3venes, manifest\u00f3 que, \u201ccomo autoridades estamos compartiendo con ni\u00f1as y ni\u00f1os, adolescentes, j\u00f3venes, tanto del \u00e1mbito p\u00fablico, como privado, que han hecho todo un esfuerzo, con sus familias para dar uno de los pasos en su carrera estudiantil que es esta Paes, y les fue muy bien. Nos sentimos orgullosos, igual como las familias est\u00e1n orgullosas, las autoridades y la regi\u00f3n est\u00e1n orgullosas del esfuerzo de ellos. Desearles pleno \u00e9xito y ojal\u00e1 que esa profesionalizaci\u00f3n que tengan en las distintas ramas, ya sea de carreras cl\u00e1sicas, hasta algunas que son m\u00e1s nuevas, como Ciencias f\u00edsicas, puedan ellos en su tierra tener la aplicaci\u00f3n y sumarse a lo que hoy d\u00eda est\u00e1 significando Magallanes, una tierra que tiene perspectiva, crecimiento y posibilidades gigantes para las nuevas generaciones.<\/p>\n\n\n\n<p>El Seremi de Educaci\u00f3n, Valent\u00edn Aguilera, en tanto, entreg\u00f3 detalles en torno a la PAES: \u201cEs importante se\u00f1alar que m\u00e1s de dos mil personas dieron la Prueba de Acceso a la Educaci\u00f3n Superior para esta versi\u00f3n, en la cual el Mineduc desde la Subsecretar\u00eda de Educaci\u00f3n Superior ha destacado a ocho estudiantes de distintos puntos de la regi\u00f3n, provenientes de establecimientos p\u00fablicos, subvencionados y particulares, los que se han destacado por sus trayectorias educativas. En esta oportunidad, hemos tenido una mayor inscripci\u00f3n a la prueba, una mayor asistencia y tambi\u00e9n un porcentaje muy importante de personas habilitadas para postular a instituciones de educaci\u00f3n superior, las que llegan a la cifra de 1.837. Por otro lado, podemos destacar que han existido \u00e1reas en las que a nivel regional el desempe\u00f1o ha sido mejor que el promedio nacional para esta versi\u00f3n de la PAES. Particularmente, se puede se\u00f1alar las pruebas de Matem\u00e1tica 1 y 2, y la de Ciencias\u201d, indic\u00f3 el seremi de Educaci\u00f3n, Valent\u00edn Aguilera G\u00f3mez.<\/p>\n\n\n\n<p>Los y las estudiantes distinguidos fueron: Sebasti\u00e1n L\u00f3pez Ravello, Bel\u00e9n Ojeda Oyarzo, Diego Benewitz Mu\u00f1oz, Mabel Contreras Santana, Camila Pacheco Plastic, Cristobal Fehring Olivares, \u00c1lvaro Osses Nieto, Antonia Ja\u00f1a Barr\u00eda.<\/p>\n\n\n\n<p>Entre ellos, Camila Pacheco, m\u00e1s tranquila por su buena ponderaci\u00f3n,espera estudiar Ciencias Pol\u00edticas<strong> \u201c<\/strong>estoy muy contenta por este logro, no me lo esperaba para nada, a pesar de que s\u00ed me prepar\u00e9 con preuniversitarios y en mi trayectoria en el colegio Alem\u00e1n, del que estoy muy agradecida por siempre. Muy contenta, adem\u00e1s, con el apoyo de mis pap\u00e1s que siempre han estado ah\u00ed para guiarme y motivarme a dar lo mejor de mi. Y tambi\u00e9n estoy muy feliz por haber tenido este logro con tres de mis compa\u00f1eros de curso, que se lo regalamos a nuestro segundo hogar, que es el colegio.<\/p>\n\n\n\n<p>Mabel Contreras, exalumna del Colegio Cruz del Sur, se refiri\u00f3 al encuentro con las autoridades y de c\u00f3mo fue enterarse de su alto puntaje: \u201cme parece bastante interesante el hecho de que varios de nosotros, que sacamos buenos puntajes, se re\u00fanan y puedan actuar entre s\u00ed, es una experiencia bonita y familiar. Fui puntaje territorial en la Paes de historia con 851 puntos y fue inesperado para m\u00ed porque no me prepar\u00e9 para la prueba porque mi enfoque estaba en otra cosa y decid\u00ed darla para probar mis capacidades, como un plan de respaldo. Quiero ser dise\u00f1adora, estoy matriculada en Inacap en Dise\u00f1o digital, por lo tanto, eso es lo que tengo planificado para el futuro, dise\u00f1ar. Y no estaba en mis opciones irme de la regi\u00f3n\u201d.<\/p>\n\n\n\n<p>Crist\u00f3bal Fehring,exalumno del Colegio Puerto Natales, tan feliz como el resto de los y las j\u00f3venes, relat\u00f3 c\u00f3mo recibi\u00f3 la noticia: \u201cCon mucha alegr\u00eda, me pareci\u00f3 algo incre\u00edble. Creo que es m\u00e1s que nada el reflejo, y el fruto del esfuerzo que cada uno tiene. Me destaqu\u00e9 en la prueba de Ciencias, con 884 puntos y adem\u00e1s saqu\u00e9 1000 puntos en la prueba de Matem\u00e1ticas. Quiero estudiar medicina en el norte y quiz\u00e1s de profesional vuelva a la regi\u00f3n, es muy probable\u201d.<\/p>\n","protected":false},"excerpt":{"rendered":"<p>En la Casa de los Intendentes, se vivi\u00f3 un emotivo momento, cuando el Delegado Presidencial Regional, Jos\u00e9 Ruiz Pivcevic junto al Seremi de Educaci\u00f3n, Valent\u00edn Aguilera, recibieron a los y&#8230; <a class=\"read-more\" href=\"https:\/\/www.radiopresidenteibanez.cl\/web\/ojala-el-dia-de-manana-vuelvan-o-se-queden-a-contribuir-al-desarrollo-de-nuestra-querida-region-fue-el-mensaje-del-delegado-presidencial-a-jovenes-con-distincion-a-las-trayectorias\/\">Leer m\u00e1s<\/a><\/p>\n","protected":false},"author":2,"featured_media":45370,"comment_status":"closed","ping_status":"closed","sticky":false,"template":"","format":"standard","meta":{"footnotes":""},"categories":[1],"tags":[],"class_list":["post-45369","post","type-post","status-publish","format-standard","has-post-thumbnail","hentry","category-cronica"],"_links":{"self":[{"href":"https:\/\/www.radiopresidenteibanez.cl\/web\/wp-json\/wp\/v2\/posts\/45369","targetHints":{"allow":["GET"]}}],"collection":[{"href":"https:\/\/www.radiopresidenteibanez.cl\/web\/wp-json\/wp\/v2\/posts"}],"about":[{"href":"https:\/\/www.radiopresidenteibanez.cl\/web\/wp-json\/wp\/v2\/types\/post"}],"author":[{"embeddable":true,"href":"https:\/\/www.radiopresidenteibanez.cl\/web\/wp-json\/wp\/v2\/users\/2"}],"replies":[{"embeddable":true,"href":"https:\/\/www.radiopresidenteibanez.cl\/web\/wp-json\/wp\/v2\/comments?post=45369"}],"version-history":[{"count":0,"href":"https:\/\/www.radiopresidenteibanez.cl\/web\/wp-json\/wp\/v2\/posts\/45369\/revisions"}],"wp:featuredmedia":[{"embeddable":true,"href":"https:\/\/www.radiopresidenteibanez.cl\/web\/wp-json\/wp\/v2\/media\/45370"}],"wp:attachment":[{"href":"https:\/\/www.radiopresidenteibanez.cl\/web\/wp-json\/wp\/v2\/media?parent=45369"}],"wp:term":[{"taxonomy":"category","embeddable":true,"href":"https:\/\/www.radiopresidenteibanez.cl\/web\/wp-json\/wp\/v2\/categories?post=45369"},{"taxonomy":"post_tag","embeddable":true,"href":"https:\/\/www.radiopresidenteibanez.cl\/web\/wp-json\/wp\/v2\/tags?post=45369"}],"curies":[{"name":"wp","href":"https:\/\/api.w.org\/{rel}","templated":true}]}}