{"id":45365,"date":"2024-01-05T17:54:00","date_gmt":"2024-01-05T20:54:00","guid":{"rendered":"https:\/\/www.radiopresidenteibanez.cl\/web\/?p=45365"},"modified":"2024-01-04T21:57:06","modified_gmt":"2024-01-05T00:57:06","slug":"consejeros-realizan-visita-tecnica-a-senda-penetracion-hollemberg-rio-perez","status":"publish","type":"post","link":"https:\/\/www.radiopresidenteibanez.cl\/web\/consejeros-realizan-visita-tecnica-a-senda-penetracion-hollemberg-rio-perez\/","title":{"rendered":"CONSEJEROS REALIZAN VISITA T\u00c9CNICA A SENDA PENETRACI\u00d3N HOLLEMBERG \u2013 R\u00cdO PEREZ"},"content":{"rendered":"\n<p>Los consejeros regionales Pablo Cifuentes, Rodolfo C\u00e1rdenas, Ximena Monta\u00f1a, junto al<br>Gobernador Regional, Jorge Flies, el seremi de Obras P\u00fablicas, Jos\u00e9 Hern\u00e1ndez y la alcaldesa de la<br>comuna de R\u00edo Verde, Sabina Ballesteros, participaron este jueves a la visita t\u00e9cnica<br>correspondiente a la segunda etapa de la senda penetraci\u00f3n Hollemberg &#8211; R\u00edo P\u00e9rez.<br>La gran obra que se enmarca dentro del Plan Especial de Desarrollo de Zonas Extremas (PDZE), se<br>encuentra en la etapa II y presenta un 87,5% de avance, tramo que comienza en el km 48 frente a<br>la Cordillera Pinto, uni\u00e9ndose as\u00ed con el km 64, alcanzando una longitud total de 16,1 km.<br>Respecto a la intervenci\u00f3n, la Consejera Monta\u00f1a se\u00f1al\u00f3 que s\u00f3lo quedan 21 km de senda de<br>penetraci\u00f3n los cuales corresponden a las etapas 3 y 4; \u2018\u2018muy contenta de evidenciar aqu\u00ed in situ<br>los logros y el trabajo realizado tambi\u00e9n por el personal del MOP de vialidad, tambi\u00e9n por la<br>empresa contratista y por supuesto el Gobierno Regional que adem\u00e1s, de aportar gratuitamente<br>con un puente mecano, ha realizado cercano seguimiento a todas las obras\u2019\u2019.<br>En la misma l\u00ednea, la autoridad regional, destac\u00f3 el trabajo que se est\u00e1 desarrollando; \u2018\u2018han podido<br>sortear las particularidades del camino entre lo que es penetrar un camino de estas caracter\u00edsticas,<br>pero tambi\u00e9n encontrarse con fen\u00f3menos de turba que han tenido que usar inclusive t\u00e9cnicas<br>nuevas en la regi\u00f3n para poder llegar a este punto\u2019\u2019.<br>Por otra parte, los Consejeros, C\u00e1rdenas y Cifuentes enfatizaron en las posibilidades que se abrir\u00e1n<br>al turismo y al desarrollo productivo de la regi\u00f3n, la cual tambi\u00e9n contribuir\u00e1 con una mejora en<br>temas de conectividad regional, recordando que el nuevo camino brindar\u00e1 una v\u00eda alternativa de<br>conexi\u00f3n entre la ciudad de Punta Arenas y la ciudad de Puerto Natales.<br>Finalmente, el seremi de Obras P\u00fablicas mencion\u00f3 que, sobre la licitaci\u00f3n en la \u00faltima etapa del<br>tramo ya se encuentra realizada; \u2018\u2018esperamos poder adjudicarlo dentro del mes de febrero y<br>marzo para poder ya comenzar con los \u00faltimos dise\u00f1os de los \u00faltimos tramos y ojal\u00e1 a fines del<br>2024, principios del 2025 comenzar a ejecutar los frentes del lado norte y frente del lado sur de<br>este camino\u2019\u2019.<\/p>\n","protected":false},"excerpt":{"rendered":"<p>Los consejeros regionales Pablo Cifuentes, Rodolfo C\u00e1rdenas, Ximena Monta\u00f1a, junto alGobernador Regional, Jorge Flies, el seremi de Obras P\u00fablicas, Jos\u00e9 Hern\u00e1ndez y la alcaldesa de lacomuna de R\u00edo Verde, Sabina&#8230; <a class=\"read-more\" href=\"https:\/\/www.radiopresidenteibanez.cl\/web\/consejeros-realizan-visita-tecnica-a-senda-penetracion-hollemberg-rio-perez\/\">Leer m\u00e1s<\/a><\/p>\n","protected":false},"author":2,"featured_media":45366,"comment_status":"closed","ping_status":"closed","sticky":false,"template":"","format":"standard","meta":{"footnotes":""},"categories":[1],"tags":[],"class_list":["post-45365","post","type-post","status-publish","format-standard","has-post-thumbnail","hentry","category-cronica"],"_links":{"self":[{"href":"https:\/\/www.radiopresidenteibanez.cl\/web\/wp-json\/wp\/v2\/posts\/45365","targetHints":{"allow":["GET"]}}],"collection":[{"href":"https:\/\/www.radiopresidenteibanez.cl\/web\/wp-json\/wp\/v2\/posts"}],"about":[{"href":"https:\/\/www.radiopresidenteibanez.cl\/web\/wp-json\/wp\/v2\/types\/post"}],"author":[{"embeddable":true,"href":"https:\/\/www.radiopresidenteibanez.cl\/web\/wp-json\/wp\/v2\/users\/2"}],"replies":[{"embeddable":true,"href":"https:\/\/www.radiopresidenteibanez.cl\/web\/wp-json\/wp\/v2\/comments?post=45365"}],"version-history":[{"count":0,"href":"https:\/\/www.radiopresidenteibanez.cl\/web\/wp-json\/wp\/v2\/posts\/45365\/revisions"}],"wp:featuredmedia":[{"embeddable":true,"href":"https:\/\/www.radiopresidenteibanez.cl\/web\/wp-json\/wp\/v2\/media\/45366"}],"wp:attachment":[{"href":"https:\/\/www.radiopresidenteibanez.cl\/web\/wp-json\/wp\/v2\/media?parent=45365"}],"wp:term":[{"taxonomy":"category","embeddable":true,"href":"https:\/\/www.radiopresidenteibanez.cl\/web\/wp-json\/wp\/v2\/categories?post=45365"},{"taxonomy":"post_tag","embeddable":true,"href":"https:\/\/www.radiopresidenteibanez.cl\/web\/wp-json\/wp\/v2\/tags?post=45365"}],"curies":[{"name":"wp","href":"https:\/\/api.w.org\/{rel}","templated":true}]}}