{"id":45353,"date":"2024-01-05T11:43:00","date_gmt":"2024-01-05T14:43:00","guid":{"rendered":"https:\/\/www.radiopresidenteibanez.cl\/web\/?p=45353"},"modified":"2024-01-04T21:41:17","modified_gmt":"2024-01-05T00:41:17","slug":"nuevo-puerto-de-puerto-toro-rescata-historia-de-la-region-y-promueve-educacion-en-ninas-y-ninos-de-la-comunidad","status":"publish","type":"post","link":"https:\/\/www.radiopresidenteibanez.cl\/web\/nuevo-puerto-de-puerto-toro-rescata-historia-de-la-region-y-promueve-educacion-en-ninas-y-ninos-de-la-comunidad\/","title":{"rendered":"NUEVO PUERTO DE PUERTO TORO RESCATA HISTORIA DE LA REGION Y PROMUEVE EDUCACION EN NI\u00d1AS Y NI\u00d1OS DE LA COMUNIDAD"},"content":{"rendered":"\n<p>La nueva infraestructura portuaria de Puerto Toro promete cambiar la vida de los habitantes de esa<br>localidad en materias de conectividad, y as\u00ed, acercarlos a Puerto Williams, para que los transbordos<br>en ferry puedan realizarse de forma r\u00e1pida y segura. No obstante, la obra, que significa una<br>inversi\u00f3n mixta de $5.945 millones, durante su construcci\u00f3n tambi\u00e9n ha estrechado lazos con la isla<br>Navarino y la comunidad a trav\u00e9s de la arqueolog\u00eda y la educaci\u00f3n.<br>Esto, ya que, al estar emplazado en un sector que hist\u00f3ricamente fue habitado por el pueblo Yag\u00e1n,<br>durante la evaluaci\u00f3n del terreno se encontr\u00f3 un conchal perteneciente a esa cultura. Con esto, la<br>Direcci\u00f3n de Obras Portuarias (DOP) del Ministerio de Obras P\u00fablicas, organismo del cual depende<br>la obra, junto al Consejo Nacional de Monumentos, se encuentran en gestiones para rescatar la<br>pieza patrimonial.<br>Adem\u00e1s, como destac\u00f3 el Seremi de Obras P\u00fablicas, Jos\u00e9 Luis Hern\u00e1ndez, durante la obra tambi\u00e9n<br>se han realizado actividades con ni\u00f1as y ni\u00f1os de la escuela local, para acercarlos a los trabajos y<br>temas arqueol\u00f3gicos y para reforzar su v\u00ednculo con la futura infraestructura. As\u00ed, las ni\u00f1as y ni\u00f1os<br>pudieron estampar sus manos e iniciales en los cubos de hormig\u00f3n que se usar\u00e1n como muro de<br>contenci\u00f3n para las mareas.<br>\u201cCada ni\u00f1o escogi\u00f3 un color para su cubo de hormig\u00f3n. Se les invit\u00f3 durante el per\u00edodo de<br>fabricaci\u00f3n y pudieron grabar sus manos en el elemento, as\u00ed que van a tener un recuerdo que va a<br>durar por muchos a\u00f1os en la obra de Puerto Toro\u201d, sintetiz\u00f3 por su parte Jorge Valdebenito,<br>Director Regional de la Direcci\u00f3n de Obras Portuarias de Magallanes.<\/p>\n\n\n\n<p>Valdebenito tambi\u00e9n rescata los beneficios que traer\u00e1 la obra para la comunidad y para quienes<br>realicen el viaje en ferry desde Puerto Toro a Puerto Williams.<br>\u201cActualmente las condiciones en que ellos desembarcan del ferry generan que muchas veces tengan<br>que hacerlo moj\u00e1ndose las rodillas. Esta infraestructura apunta a que los habitantes de Puerto Toro<br>puedan conectarse hacia Puerto Williams a trav\u00e9s de una barcaza con un embarque digno, sin<br>necesidad de que las personas tengan que mojarse o arriesgar una ca\u00edda a la salida de la barcaza\u201d,<br>asegura.<br>La infraestructura portuaria, que fue adjudicada por la empresa C y F Ingenier\u00eda, tiene alrededor de<br>un 65% de avance y se espera que est\u00e9 lista a mediados del 2024.<\/p>\n","protected":false},"excerpt":{"rendered":"<p>La nueva infraestructura portuaria de Puerto Toro promete cambiar la vida de los habitantes de esalocalidad en materias de conectividad, y as\u00ed, acercarlos a Puerto Williams, para que los transbordosen&#8230; <a class=\"read-more\" href=\"https:\/\/www.radiopresidenteibanez.cl\/web\/nuevo-puerto-de-puerto-toro-rescata-historia-de-la-region-y-promueve-educacion-en-ninas-y-ninos-de-la-comunidad\/\">Leer m\u00e1s<\/a><\/p>\n","protected":false},"author":2,"featured_media":45354,"comment_status":"closed","ping_status":"closed","sticky":false,"template":"","format":"standard","meta":{"footnotes":""},"categories":[1],"tags":[],"class_list":["post-45353","post","type-post","status-publish","format-standard","has-post-thumbnail","hentry","category-cronica"],"_links":{"self":[{"href":"https:\/\/www.radiopresidenteibanez.cl\/web\/wp-json\/wp\/v2\/posts\/45353","targetHints":{"allow":["GET"]}}],"collection":[{"href":"https:\/\/www.radiopresidenteibanez.cl\/web\/wp-json\/wp\/v2\/posts"}],"about":[{"href":"https:\/\/www.radiopresidenteibanez.cl\/web\/wp-json\/wp\/v2\/types\/post"}],"author":[{"embeddable":true,"href":"https:\/\/www.radiopresidenteibanez.cl\/web\/wp-json\/wp\/v2\/users\/2"}],"replies":[{"embeddable":true,"href":"https:\/\/www.radiopresidenteibanez.cl\/web\/wp-json\/wp\/v2\/comments?post=45353"}],"version-history":[{"count":0,"href":"https:\/\/www.radiopresidenteibanez.cl\/web\/wp-json\/wp\/v2\/posts\/45353\/revisions"}],"wp:featuredmedia":[{"embeddable":true,"href":"https:\/\/www.radiopresidenteibanez.cl\/web\/wp-json\/wp\/v2\/media\/45354"}],"wp:attachment":[{"href":"https:\/\/www.radiopresidenteibanez.cl\/web\/wp-json\/wp\/v2\/media?parent=45353"}],"wp:term":[{"taxonomy":"category","embeddable":true,"href":"https:\/\/www.radiopresidenteibanez.cl\/web\/wp-json\/wp\/v2\/categories?post=45353"},{"taxonomy":"post_tag","embeddable":true,"href":"https:\/\/www.radiopresidenteibanez.cl\/web\/wp-json\/wp\/v2\/tags?post=45353"}],"curies":[{"name":"wp","href":"https:\/\/api.w.org\/{rel}","templated":true}]}}