{"id":45350,"date":"2024-01-05T10:32:00","date_gmt":"2024-01-05T13:32:00","guid":{"rendered":"https:\/\/www.radiopresidenteibanez.cl\/web\/?p=45350"},"modified":"2024-01-04T21:37:05","modified_gmt":"2024-01-05T00:37:05","slug":"invitan-a-bibliotecas-del-pais-a-formar-parte-de-la-cartelera-de-boblioverano-2024","status":"publish","type":"post","link":"https:\/\/www.radiopresidenteibanez.cl\/web\/invitan-a-bibliotecas-del-pais-a-formar-parte-de-la-cartelera-de-boblioverano-2024\/","title":{"rendered":"INVITAN A BIBLIOTECAS DEL PAIS A FORMAR PARTE DE LA CARTELERA DE BOBLIOVERANO 2024"},"content":{"rendered":"\n<p>Hasta el 9 de enero estar\u00e1 abierta la convocatoria para que los diversos espacios culturales de todo Chile registren sus actividades de verano, contribuyendo juntos a la creaci\u00f3n de una programaci\u00f3n que promueva la lectura y la recreaci\u00f3n durante estas vacaciones.<\/p>\n\n\n\n<p>El Ministerio de las Culturas, las Artes y el Patrimonio, invita a todas las bibliotecas, organizaciones sociales e instituciones culturales de Chile a sumarse a una nueva edici\u00f3n de BiblioVerano&nbsp;&nbsp;(#BiblioVerano), iniciativa que busca poner a disposici\u00f3n de la comunidad una amplia oferta colaborativa de actividades para todas las edades y gustos durante el periodo estival.<\/p>\n\n\n\n<p>Talleres, clubes de lectura, ferias del libro, obras de teatro, ciclos de cine, exposiciones y puntos de lectura en piscinas son solo algunas de las variadas actividades que pueden ser inscritas por los espacios interesados hasta el 9 de enero en&nbsp;el formulario habilitado para este fin:&nbsp;<a href=\"https:\/\/docs.google.com\/forms\/d\/e\/1FAIpQLSeGtwXIbWYiQ7AF7LGEQTa89vdxYrbBIn8Nt4Lv81egd8n4xA\/viewform\" target=\"_blank\" rel=\"noreferrer noopener\">https:\/\/docs.google.com\/forms\/d\/e\/1FAIpQLSeGtwXIbWYiQ7AF7LGEQTa89vdxYrbBIn8Nt4Lv81egd8n4xA\/viewform<\/a><\/p>\n\n\n\n<p>La cartelera, construida en conjunto con la ciudadan\u00eda, estar\u00e1 disponible al p\u00fablico en la plataforma web del Servicio Nacional del Patrimonio Cultural a partir del viernes 12 de enero. La convocatoria est\u00e1 dirigida a los m\u00e1s 680 servicios bibliotecarios del pa\u00eds y a la extensa red de bibliotecas p\u00fablicas en convenio con el Servicio Nacional del Patrimonio Cultural. Adem\u00e1s, se extiende a organizaciones sociales e instituciones culturales de Chile.<\/p>\n\n\n\n<p>Para cualquier consulta o aclaraci\u00f3n, por favor escribir a:&nbsp;<a href=\"mailto:biblioverano@patrimoniocultural.gob.cl\" target=\"_blank\" rel=\"noreferrer noopener\">biblioverano@patrimoniocultural.gob.cl<\/a><\/p>\n","protected":false},"excerpt":{"rendered":"<p>Hasta el 9 de enero estar\u00e1 abierta la convocatoria para que los diversos espacios culturales de todo Chile registren sus actividades de verano, contribuyendo juntos a la creaci\u00f3n de una&#8230; <a class=\"read-more\" href=\"https:\/\/www.radiopresidenteibanez.cl\/web\/invitan-a-bibliotecas-del-pais-a-formar-parte-de-la-cartelera-de-boblioverano-2024\/\">Leer m\u00e1s<\/a><\/p>\n","protected":false},"author":2,"featured_media":45351,"comment_status":"closed","ping_status":"closed","sticky":false,"template":"","format":"standard","meta":{"footnotes":""},"categories":[1],"tags":[],"class_list":["post-45350","post","type-post","status-publish","format-standard","has-post-thumbnail","hentry","category-cronica"],"_links":{"self":[{"href":"https:\/\/www.radiopresidenteibanez.cl\/web\/wp-json\/wp\/v2\/posts\/45350","targetHints":{"allow":["GET"]}}],"collection":[{"href":"https:\/\/www.radiopresidenteibanez.cl\/web\/wp-json\/wp\/v2\/posts"}],"about":[{"href":"https:\/\/www.radiopresidenteibanez.cl\/web\/wp-json\/wp\/v2\/types\/post"}],"author":[{"embeddable":true,"href":"https:\/\/www.radiopresidenteibanez.cl\/web\/wp-json\/wp\/v2\/users\/2"}],"replies":[{"embeddable":true,"href":"https:\/\/www.radiopresidenteibanez.cl\/web\/wp-json\/wp\/v2\/comments?post=45350"}],"version-history":[{"count":0,"href":"https:\/\/www.radiopresidenteibanez.cl\/web\/wp-json\/wp\/v2\/posts\/45350\/revisions"}],"wp:featuredmedia":[{"embeddable":true,"href":"https:\/\/www.radiopresidenteibanez.cl\/web\/wp-json\/wp\/v2\/media\/45351"}],"wp:attachment":[{"href":"https:\/\/www.radiopresidenteibanez.cl\/web\/wp-json\/wp\/v2\/media?parent=45350"}],"wp:term":[{"taxonomy":"category","embeddable":true,"href":"https:\/\/www.radiopresidenteibanez.cl\/web\/wp-json\/wp\/v2\/categories?post=45350"},{"taxonomy":"post_tag","embeddable":true,"href":"https:\/\/www.radiopresidenteibanez.cl\/web\/wp-json\/wp\/v2\/tags?post=45350"}],"curies":[{"name":"wp","href":"https:\/\/api.w.org\/{rel}","templated":true}]}}