{"id":45307,"date":"2024-01-04T09:44:00","date_gmt":"2024-01-04T12:44:00","guid":{"rendered":"https:\/\/www.radiopresidenteibanez.cl\/web\/?p=45307"},"modified":"2024-01-03T16:48:02","modified_gmt":"2024-01-03T19:48:02","slug":"hospital-augusto-essmann-burgos-da-la-bienvenida-al-primer-natalino-nacido-este-2024","status":"publish","type":"post","link":"https:\/\/www.radiopresidenteibanez.cl\/web\/hospital-augusto-essmann-burgos-da-la-bienvenida-al-primer-natalino-nacido-este-2024\/","title":{"rendered":"HOSPITAL AUGUSTO ESSMANN BURGOS DA LA BIENVENIDA AL PRIMER NATALINO NACIDO ESTE 2024"},"content":{"rendered":"\n<p>A las 15:15 horas de el martes 02 de enero, el Hospital Dr. Augusto Essmann<br>Burgos de Puerto Natales recibi\u00f3 a Lucas Mario Barrientos Aquiles, el primer<br>natalino nacido este a\u00f1o 2024.<br>Con 3.590 Kg, el peque\u00f1o de sexo masculino fue visitado por las principales<br>autoridades comunales.<br>En ese sentido, la delegada presidencial provincial de \u00daltima Esperanza,<br>Romina \u00c1lvarez, expres\u00f3 que \u201choy estamos muy contentos y damos la<br>bienvenida a esta hermosa tierra austral al primer beb\u00e9 natalino nacido este<br>a\u00f1o, Lucas Mario. Por supuesto le deseamos felicitaciones y bendiciones a su<br>familia, como tambi\u00e9n, felicitamos a la segunda beb\u00e9 nacida este a\u00f1o, llamada<br>Nahara Buitrago y a toda su familia, a quienes les deseamos el mayor de los<br>\u00e9xitos\u201d, mencion\u00f3 la delegada presidencial, Romina \u00c1lvarez.<br>A su vez, la alcaldesa de Puerto Natales, Antonieta Oyarzo, se\u00f1al\u00f3 que \u201choy<br>quisimos compartir la alegr\u00eda de los padres; de Sergio Barrientos y Mar\u00eda<br>Aquiles D\u00edaz. Cuando nace un beb\u00e9 es s\u00edmbolo de amor, de unidad y de vida.<br>As\u00ed que, junto a la delegada y el director del hospital, quisimos entregarles un<br>cari\u00f1o personal tanto al beb\u00e9 como a los padres\u201d, indic\u00f3 la edil.<br>Por su parte, el director del establecimiento asistencial, Ricardo Moya, se<br>mostr\u00f3 muy contento por este acontecimiento, y expres\u00f3 que \u201ctuvimos la<\/p>\n\n\n\n<p>posibilidad de conversar con los padres, quienes est\u00e1n tremendamente felices<br>por el nacimiento del peque\u00f1o Lucas, es por eso que en conjunto con la<br>delegada y la alcaldesa vinimos a visitarlos. Nosotros como hospital y todos<br>nuestros funcionarios y funcionarias estamos muy felices de poder brindarles<br>los mejores cuidados, como tambi\u00e9n, a la segunda beb\u00e9 natalina de este a\u00f1o,<br>la peque\u00f1a Nahara Buitrago\u201d, se\u00f1al\u00f3 el director del hospital.<br>Finalmente, la madre de Lucas Mario, Mar\u00eda Aquiles D\u00edaz, se\u00f1al\u00f3 que \u201cestamos<br>muy felices como pareja con el nacimiento de Lucas. Toda nuestra familia esta<br>celebrando la llegada de nuestro hijo, as\u00ed que estamos muy emocionados de<br>recibirlo\u201d, indic\u00f3 la madre del primer beb\u00e9 natalino nacido este a\u00f1o 2024.<\/p>\n","protected":false},"excerpt":{"rendered":"<p>A las 15:15 horas de el martes 02 de enero, el Hospital Dr. Augusto EssmannBurgos de Puerto Natales recibi\u00f3 a Lucas Mario Barrientos Aquiles, el primernatalino nacido este a\u00f1o 2024.Con&#8230; <a class=\"read-more\" href=\"https:\/\/www.radiopresidenteibanez.cl\/web\/hospital-augusto-essmann-burgos-da-la-bienvenida-al-primer-natalino-nacido-este-2024\/\">Leer m\u00e1s<\/a><\/p>\n","protected":false},"author":2,"featured_media":45308,"comment_status":"closed","ping_status":"closed","sticky":false,"template":"","format":"standard","meta":{"footnotes":""},"categories":[1],"tags":[],"class_list":["post-45307","post","type-post","status-publish","format-standard","has-post-thumbnail","hentry","category-cronica"],"_links":{"self":[{"href":"https:\/\/www.radiopresidenteibanez.cl\/web\/wp-json\/wp\/v2\/posts\/45307","targetHints":{"allow":["GET"]}}],"collection":[{"href":"https:\/\/www.radiopresidenteibanez.cl\/web\/wp-json\/wp\/v2\/posts"}],"about":[{"href":"https:\/\/www.radiopresidenteibanez.cl\/web\/wp-json\/wp\/v2\/types\/post"}],"author":[{"embeddable":true,"href":"https:\/\/www.radiopresidenteibanez.cl\/web\/wp-json\/wp\/v2\/users\/2"}],"replies":[{"embeddable":true,"href":"https:\/\/www.radiopresidenteibanez.cl\/web\/wp-json\/wp\/v2\/comments?post=45307"}],"version-history":[{"count":0,"href":"https:\/\/www.radiopresidenteibanez.cl\/web\/wp-json\/wp\/v2\/posts\/45307\/revisions"}],"wp:featuredmedia":[{"embeddable":true,"href":"https:\/\/www.radiopresidenteibanez.cl\/web\/wp-json\/wp\/v2\/media\/45308"}],"wp:attachment":[{"href":"https:\/\/www.radiopresidenteibanez.cl\/web\/wp-json\/wp\/v2\/media?parent=45307"}],"wp:term":[{"taxonomy":"category","embeddable":true,"href":"https:\/\/www.radiopresidenteibanez.cl\/web\/wp-json\/wp\/v2\/categories?post=45307"},{"taxonomy":"post_tag","embeddable":true,"href":"https:\/\/www.radiopresidenteibanez.cl\/web\/wp-json\/wp\/v2\/tags?post=45307"}],"curies":[{"name":"wp","href":"https:\/\/api.w.org\/{rel}","templated":true}]}}