{"id":45289,"date":"2024-01-03T12:57:00","date_gmt":"2024-01-03T15:57:00","guid":{"rendered":"https:\/\/www.radiopresidenteibanez.cl\/web\/?p=45289"},"modified":"2024-01-02T22:22:17","modified_gmt":"2024-01-03T01:22:17","slug":"minvu-en-magallanes-inicia-el-ano-proyectando-la-entrega-de-alrededor-de-mil-viviendas-durante-2024","status":"publish","type":"post","link":"https:\/\/www.radiopresidenteibanez.cl\/web\/minvu-en-magallanes-inicia-el-ano-proyectando-la-entrega-de-alrededor-de-mil-viviendas-durante-2024\/","title":{"rendered":"MINVU EN MAGALLANES INICIA EL A\u00d1O PROYECTANDO LA ENTREGA DE ALREDEDOR DE MIL VIVIENDAS DURANTE 2024"},"content":{"rendered":"\n<figure class=\"wp-block-table\"><table><tbody><tr><td>El Ministerio de Vivienda y Urbanismo en Magallanes cierra el a\u00f1o 2023 con un positivo balance e inicia el 2024 con un auspicioso futuro en materia habitacional. Es que la Regi\u00f3n lleva la delantera a nivel nacional, en el avance de la meta del Plan de Emergencia Habitacional, con un 75% de ejecuci\u00f3n, con la entrega de 1485 viviendas y 2595 en construcci\u00f3n.&nbsp;Durante este nuevo a\u00f1o, se proyecta la entrega de cerca de mil viviendas que hoy est\u00e1n en construcci\u00f3n en Punta Arenas y Natales y se iniciar\u00e1 la edificaci\u00f3n de 483 viviendas en Punta Arenas, Natales y Puerto Williams, bajo el programa Fondo Solidario de Elecci\u00f3n de Vivienda. Tambi\u00e9n, se trabaja en un plan para cubrir la urgencia habitacional, a trav\u00e9s de otras l\u00edneas de acci\u00f3n del MINVU, con el desarrollo de pilotos en viviendas industrializadas, llamado especial rural y ejecuci\u00f3n directa, m\u00e1s proyectos de integraci\u00f3n social en el sector surponiente donde se prepara el desarrollo urbano habitacional en un gran terreno de 17 hect\u00e1reas.&nbsp;&nbsp;&nbsp;El seremi Marco Uribe Saldivia enfatiz\u00f3 en que \u201cen su reciente visita, nuestro Ministro Carlos Montes nos ampli\u00f3 la meta del Plan de Emergencia, a no solo cumplir con la cantidad de viviendas a entregar, sino que, adem\u00e1s, nuestra Regi\u00f3n sea la primera en terminar, durante este Gobierno, con el d\u00e9ficit habitacional\u201d.&nbsp;Agreg\u00f3 que \u201cestamos trabajando firmemente en avanzar en nuestro Plan de Emergencia Habitacional y cumplir con nuestro gran desaf\u00edo regional de llegar a todas las comunas con soluciones habitacionales, en funci\u00f3n de la calidad de comunas aisladas y peque\u00f1as de la Regi\u00f3n. Hoy tenemos avances concretos con el ingreso a revisi\u00f3n de dos proyectos de comunas rurales: Primavera y Cerro Castillo\u201d.&nbsp;A su vez, el director (s) de SERVIU Omar Gonz\u00e1lez Asenjo relev\u00f3 la proyecci\u00f3n para 2024. \u201cTenemos muchos proyectos en desarrollo por parte de las entidades patrocinantes para ser presentados a revisi\u00f3n, tenemos proyectos en revisi\u00f3n y proyectos en el banco de proyectos para ser seleccionados. Es decir, estamos gestionando m\u00e1s de mil soluciones habitacionales que durante el a\u00f1o deber\u00edan tener un importante avance para la obtenci\u00f3n de subsidios\u201d.<\/td><\/tr><\/tbody><\/table><\/figure>\n","protected":false},"excerpt":{"rendered":"<p>El Ministerio de Vivienda y Urbanismo en Magallanes cierra el a\u00f1o 2023 con un positivo balance e inicia el 2024 con un auspicioso futuro en materia habitacional. Es que la&#8230; <a class=\"read-more\" href=\"https:\/\/www.radiopresidenteibanez.cl\/web\/minvu-en-magallanes-inicia-el-ano-proyectando-la-entrega-de-alrededor-de-mil-viviendas-durante-2024\/\">Leer m\u00e1s<\/a><\/p>\n","protected":false},"author":2,"featured_media":45290,"comment_status":"closed","ping_status":"closed","sticky":false,"template":"","format":"standard","meta":{"footnotes":""},"categories":[1],"tags":[],"class_list":["post-45289","post","type-post","status-publish","format-standard","has-post-thumbnail","hentry","category-cronica"],"_links":{"self":[{"href":"https:\/\/www.radiopresidenteibanez.cl\/web\/wp-json\/wp\/v2\/posts\/45289","targetHints":{"allow":["GET"]}}],"collection":[{"href":"https:\/\/www.radiopresidenteibanez.cl\/web\/wp-json\/wp\/v2\/posts"}],"about":[{"href":"https:\/\/www.radiopresidenteibanez.cl\/web\/wp-json\/wp\/v2\/types\/post"}],"author":[{"embeddable":true,"href":"https:\/\/www.radiopresidenteibanez.cl\/web\/wp-json\/wp\/v2\/users\/2"}],"replies":[{"embeddable":true,"href":"https:\/\/www.radiopresidenteibanez.cl\/web\/wp-json\/wp\/v2\/comments?post=45289"}],"version-history":[{"count":0,"href":"https:\/\/www.radiopresidenteibanez.cl\/web\/wp-json\/wp\/v2\/posts\/45289\/revisions"}],"wp:featuredmedia":[{"embeddable":true,"href":"https:\/\/www.radiopresidenteibanez.cl\/web\/wp-json\/wp\/v2\/media\/45290"}],"wp:attachment":[{"href":"https:\/\/www.radiopresidenteibanez.cl\/web\/wp-json\/wp\/v2\/media?parent=45289"}],"wp:term":[{"taxonomy":"category","embeddable":true,"href":"https:\/\/www.radiopresidenteibanez.cl\/web\/wp-json\/wp\/v2\/categories?post=45289"},{"taxonomy":"post_tag","embeddable":true,"href":"https:\/\/www.radiopresidenteibanez.cl\/web\/wp-json\/wp\/v2\/tags?post=45289"}],"curies":[{"name":"wp","href":"https:\/\/api.w.org\/{rel}","templated":true}]}}