{"id":45286,"date":"2024-01-03T11:47:00","date_gmt":"2024-01-03T14:47:00","guid":{"rendered":"https:\/\/www.radiopresidenteibanez.cl\/web\/?p=45286"},"modified":"2024-01-02T22:18:32","modified_gmt":"2024-01-03T01:18:32","slug":"seremi-de-cultura-encabezo-sesion-de-mesa-regional-de-prevencion-de-trafico-ilicito-de-bienes-culturales","status":"publish","type":"post","link":"https:\/\/www.radiopresidenteibanez.cl\/web\/seremi-de-cultura-encabezo-sesion-de-mesa-regional-de-prevencion-de-trafico-ilicito-de-bienes-culturales\/","title":{"rendered":"SEREMI DE CULTURA ENCABEZO SESION DE MESA REGIONAL DE PREVENCION DE TRAFICO  ILICITO DE BIENES CULTURALES"},"content":{"rendered":"\n<p>Con una amplia convocatoria encabezada por la seremi de las Culturas, las Artes y el Patrimonio, Carolina Herrera, se realiz\u00f3 recientemente la tercera y \u00faltima sesi\u00f3n 2023&nbsp;de la Mesa Regional de Prevenci\u00f3n de&nbsp;Tr\u00e1fico Il\u00edcito de Bienes Culturales.&nbsp;El encuentro estuvo a cargo de profesionales de la Oficina T\u00e9cnica Regional del Consejo de Monumentos Nacionales y del Museo Regional de Magallanes, ambos pertenecientes al Servicio del Patrimonio Cultural&nbsp;(Serpat) y cont\u00f3 con la participaci\u00f3n de representantes de&nbsp;Carabineros (Primera Comisar\u00eda y Secci\u00f3n Derechos Humanos y Familia),&nbsp;Conaf, Consejo de Defensa del Estado, delegaciones presidenciales provinciales de Tierra del Fuego y \u00daltima Esperanza,&nbsp;Direcci\u00f3n General de Aeron\u00e1utica Civil,&nbsp;Ej\u00e9rcito de Chile (Cuerpo Militar del Trabajo),&nbsp;Fiscal\u00eda Regional de Magallanes,&nbsp;Inach,&nbsp;Instituto de la Patagonia (Umag),&nbsp;PDI y&nbsp;Servicio Agr\u00edcola y Ganadero.&nbsp;Junto con agradecer la concurrencia a la reuni\u00f3n, la seremi de las Culturas, las Artes y el Patrimonio, Carolina Herrera, expres\u00f3 que \u201ccada uno de ustedes es un socio estrat\u00e9gico de esta mesa, especialmente en \u00e9poca alta de turismo, pues tenemos que lograr que la comunidad comprenda&nbsp;que el patrimonio nos pertenece a todos, por lo que todos tenemos la responsabilidad de cuidarlo\u201d.&nbsp;Tras una breve introducci\u00f3n,&nbsp;la directora del Museo Regional de Magallanes del Serpat, Paola Grendi, abord\u00f3 los puntos de la tabla, enfocada en revisar las actividades de las distintas comisiones de la mesa desde la sesi\u00f3n anterior, as\u00ed como en hacer un balance de lo realizado durante el a\u00f1o. As\u00ed, se compartieron los resultados de la utilizaci\u00f3n de los kits de r\u00e9plicas entregados a en agosto del presente&nbsp;Conaf,&nbsp;Direcci\u00f3n General de Aeron\u00e1utica Civil, PDI,&nbsp;Servicio Agr\u00edcola y Ganadero,&nbsp;Servicio Nacional de Aduanas&nbsp;y durante octubre y noviembre a las&nbsp;delegaciones presidenciales provinciales de Ant\u00e1rtica Chilena, Tierra del Fuego y \u00daltima Esperanza,&nbsp;los cuales se han transformado en un importante elemento de educaci\u00f3n y sensibilizaci\u00f3n respecto de la protecci\u00f3n del patrimonio arqueol\u00f3gico y paleontol\u00f3gico de la regi\u00f3n.&nbsp;Asimismo inform\u00f3 la reimpresi\u00f3n de&nbsp;los afiches biling\u00fces preparados el a\u00f1o pasado para ser instalados en nuevos puntos de afluencia tur\u00edstica, as\u00ed como los resultados de diversas jornadas de capacitaci\u00f3n y el funcionamiento de las mesas territoriales que funcionan en cada provincia, apoyadas por las delegaciones presidenciales.&nbsp;Finalmente, Paola Grendi destac\u00f3 la participaci\u00f3n en el \u00abXIII Encuentro Binacional de Museos de la Patagonia&nbsp;Sur Sur\u00bb realizado en R\u00edo Gallegos, donde se present\u00f3 la ponencia&nbsp;\u201cPrevenci\u00f3n del Tr\u00e1fico Il\u00edcito de Bienes Patrimoniales en la Regi\u00f3n de Magallanes y de la Ant\u00e1rtica Chilena: El rol del Museo Regional de Magallanes&nbsp;en instancias de articulaci\u00f3n interinstitucional, y su vocaci\u00f3n comunitaria y territorial\u201d. Al respecto, expres\u00f3 que \u00abtodo el quehacer de esta mesa se fundamenta en el esp\u00edritu de colaboraci\u00f3n de las instancias involucradas, pues contribuyen desinteresadamente aportando horas de trabajo y costeando materiales. Ejemplo de ello son el&nbsp;Instituto de la Patagonia de la Universidad de Magallanes y el Instituto Ant\u00e1rtico Chileno, gracias cuyos equipos pudimos concretar la fabricaci\u00f3n del set de r\u00e9plicas\u00bb.&nbsp;El&nbsp;director regional del Serpat, Pablo Quercia, expres\u00f3&nbsp;que \u201cparte importante de la labor de nuestro servicio es colaborar en la protecci\u00f3n del patrimonio resguardado a lo largo del pa\u00eds. Dada la extensi\u00f3n territorial de la regi\u00f3n, su diversidad y riqueza patrimonial, necesitamos establecer alianzas con otras instituciones y servicios, pero sobre todo, involucrar a la ciudadan\u00eda en la protecci\u00f3n de nuestros recursos culturales\u201d.&nbsp;<\/p>\n","protected":false},"excerpt":{"rendered":"<p>Con una amplia convocatoria encabezada por la seremi de las Culturas, las Artes y el Patrimonio, Carolina Herrera, se realiz\u00f3 recientemente la tercera y \u00faltima sesi\u00f3n 2023&nbsp;de la Mesa Regional&#8230; <a class=\"read-more\" href=\"https:\/\/www.radiopresidenteibanez.cl\/web\/seremi-de-cultura-encabezo-sesion-de-mesa-regional-de-prevencion-de-trafico-ilicito-de-bienes-culturales\/\">Leer m\u00e1s<\/a><\/p>\n","protected":false},"author":2,"featured_media":45287,"comment_status":"closed","ping_status":"closed","sticky":false,"template":"","format":"standard","meta":{"footnotes":""},"categories":[1],"tags":[],"class_list":["post-45286","post","type-post","status-publish","format-standard","has-post-thumbnail","hentry","category-cronica"],"_links":{"self":[{"href":"https:\/\/www.radiopresidenteibanez.cl\/web\/wp-json\/wp\/v2\/posts\/45286","targetHints":{"allow":["GET"]}}],"collection":[{"href":"https:\/\/www.radiopresidenteibanez.cl\/web\/wp-json\/wp\/v2\/posts"}],"about":[{"href":"https:\/\/www.radiopresidenteibanez.cl\/web\/wp-json\/wp\/v2\/types\/post"}],"author":[{"embeddable":true,"href":"https:\/\/www.radiopresidenteibanez.cl\/web\/wp-json\/wp\/v2\/users\/2"}],"replies":[{"embeddable":true,"href":"https:\/\/www.radiopresidenteibanez.cl\/web\/wp-json\/wp\/v2\/comments?post=45286"}],"version-history":[{"count":0,"href":"https:\/\/www.radiopresidenteibanez.cl\/web\/wp-json\/wp\/v2\/posts\/45286\/revisions"}],"wp:featuredmedia":[{"embeddable":true,"href":"https:\/\/www.radiopresidenteibanez.cl\/web\/wp-json\/wp\/v2\/media\/45287"}],"wp:attachment":[{"href":"https:\/\/www.radiopresidenteibanez.cl\/web\/wp-json\/wp\/v2\/media?parent=45286"}],"wp:term":[{"taxonomy":"category","embeddable":true,"href":"https:\/\/www.radiopresidenteibanez.cl\/web\/wp-json\/wp\/v2\/categories?post=45286"},{"taxonomy":"post_tag","embeddable":true,"href":"https:\/\/www.radiopresidenteibanez.cl\/web\/wp-json\/wp\/v2\/tags?post=45286"}],"curies":[{"name":"wp","href":"https:\/\/api.w.org\/{rel}","templated":true}]}}