{"id":45237,"date":"2023-12-29T16:29:00","date_gmt":"2023-12-29T19:29:00","guid":{"rendered":"https:\/\/www.radiopresidenteibanez.cl\/web\/?p=45237"},"modified":"2023-12-29T13:24:40","modified_gmt":"2023-12-29T16:24:40","slug":"delegacion-presidencial-senda-y-carabineros-fiscalizan-previa-de-ano-nuevo","status":"publish","type":"post","link":"https:\/\/www.radiopresidenteibanez.cl\/web\/delegacion-presidencial-senda-y-carabineros-fiscalizan-previa-de-ano-nuevo\/","title":{"rendered":"Delegaci\u00f3n Presidencial, SENDA y Carabineros fiscalizan\u00a0previa de A\u00f1o Nuevo"},"content":{"rendered":"\n<p>El jueves por la noche y la madrugada del viernes, el delegado presidencial regional, Jos\u00e9 Ruiz, en colaboraci\u00f3n con el subprefecto de Carabineros, Julio Salgado, y la directora regional del Servicio Nacional para la Prevenci\u00f3n y Rehabilitaci\u00f3n del Consumo de Drogas y Alcohol (SENDA), Lorena Guala, lideraron una exhaustiva fiscalizaci\u00f3n. El prop\u00f3sito de esta acci\u00f3n fue supervisar la situaci\u00f3n de los veh\u00edculos roncadores y proporcionar tranquilidad en anticipaci\u00f3n al fin de semana de A\u00f1o Nuevo.<\/p>\n\n\n\n<p>En el transcurso de la operaci\u00f3n, se llevaron a cabo un total de 216 controles vehiculares, resultando en la retirada de siete autom\u00f3viles y la imposici\u00f3n de tres infracciones relacionadas con la ley de alcohol. Adem\u00e1s, se fiscalizaron 17 locales nocturnos, principalmente en las localidades de Punta Arenas, Puerto Natales y Porvenir. Estas medidas se llevaron a cabo con el objetivo de garantizar la seguridad y el orden durante el periodo festivo, contribuyendo as\u00ed a un ambiente m\u00e1s seguro y controlado para la comunidad.<\/p>\n\n\n\n<p>\u201cLa iniciativa de fiscalizaci\u00f3n que emprendemos se origina en la Mesa de autos Roncadores, la cual convocamos como delegaci\u00f3n presidencial. Su prop\u00f3sito central es abordar una problem\u00e1tica que afecta de manera generalizada a la ciudad de Punta Arenas. Nos referimos a la presencia de veh\u00edculos que, en numerosas ocasiones, perturban el descanso de nuestros vecinos y vecinas\u201d, explic\u00f3 Ruiz.<\/p>\n\n\n\n<p>A su vez, aclar\u00f3 que la intenci\u00f3n subyacente es intensificar las medidas de infracci\u00f3n y de esa manera, establecer un marco m\u00e1s riguroso y disuasorio para quienes incurren en conductas que afectan la tranquilidad comunitaria.<\/p>\n\n\n\n<p>En este contexto, Ruiz precis\u00f3 que \u201cel mensaje que estamos transmitiendo, especialmente en v\u00edsperas del A\u00f1o Nuevo, es un llamado a la precauci\u00f3n en el manejo vehicular. Instamos a conducir con suma prudencia y, por supuesto, a hacerlo sin haber consumido ni una sola gota de alcohol. Conscientes de que las celebraciones de fin de a\u00f1o suelen aumentar el consumo de alcohol, hacemos hincapi\u00e9 en la importancia de adoptar medidas responsables, como ceder las llaves y abstenerse de consumir. La responsabilidad de cuidarnos es una tarea que concierne a todos y cada uno de nosotros\u201d.<\/p>\n\n\n\n<p>Seg\u00fan las declaraciones del subprefecto de Carabineros, Julio Salgado, la implementaci\u00f3n de la Ronda Impacto se llev\u00f3 a cabo con personal adicional, mientras que el equipo del plan cuadrante se mantiene en funciones. Adem\u00e1s, se ha adoptado la estrategia de desplegarse simult\u00e1neamente en diversos puntos de la ciudad y la regi\u00f3n.<\/p>\n\n\n\n<p>El enfoque principal de esta iniciativa es abordar \u00e1reas espec\u00edficas donde se ha identificado con regularidad la infracci\u00f3n de normas de tr\u00e1nsito, especialmente en casos de veh\u00edculos ruidosos o que circulan a velocidades excesivas.<\/p>\n\n\n\n<p>\u201cHemos observado la presencia de conductores sin licencia de conducir y con la documentaci\u00f3n de sus veh\u00edculos vencida, por lo que se busca intensificar la fiscalizaci\u00f3n en estos casos, procediendo a la retirada de circulaci\u00f3n y presentando las denuncias correspondientes ante los tribunales. La intenci\u00f3n es consolidar y mantener en el tiempo estas rutas ya establecidas. Aunque no constituye una novedad, la particularidad radica en la ejecuci\u00f3n de estas acciones en horarios y d\u00edas diferentes\u201d, indic\u00f3 Salgado.<\/p>\n\n\n\n<p>En relaci\u00f3n a estas medidas, Lorena Guala, directora regional de SENDA, record\u00f3 la colaboraci\u00f3n a trav\u00e9s del programa Tolerancia Cero de Calles Sin Violencia. \u201cEste programa respalda las labores de fiscalizaci\u00f3n de Carabineros, poniendo a disposici\u00f3n una ambulancia para realizar tomas de muestra de sangre relacionadas con el consumo de alcohol y otras drogas. Durante este fin de semana, especialmente vinculado al cierre del a\u00f1o, se reforzar\u00e1 el personal en operativos, contando con la presencia de carabineros en distintos puntos de la ciudad para llevar a cabo las fiscalizaciones y, al mismo tiempo, transmitir un sentido de seguridad a la comunidad\u201d, afirm\u00f3 Guala.<\/p>\n","protected":false},"excerpt":{"rendered":"<p>El jueves por la noche y la madrugada del viernes, el delegado presidencial regional, Jos\u00e9 Ruiz, en colaboraci\u00f3n con el subprefecto de Carabineros, Julio Salgado, y la directora regional del&#8230; <a class=\"read-more\" href=\"https:\/\/www.radiopresidenteibanez.cl\/web\/delegacion-presidencial-senda-y-carabineros-fiscalizan-previa-de-ano-nuevo\/\">Leer m\u00e1s<\/a><\/p>\n","protected":false},"author":2,"featured_media":45238,"comment_status":"closed","ping_status":"closed","sticky":false,"template":"","format":"standard","meta":{"footnotes":""},"categories":[1],"tags":[],"class_list":["post-45237","post","type-post","status-publish","format-standard","has-post-thumbnail","hentry","category-cronica"],"_links":{"self":[{"href":"https:\/\/www.radiopresidenteibanez.cl\/web\/wp-json\/wp\/v2\/posts\/45237","targetHints":{"allow":["GET"]}}],"collection":[{"href":"https:\/\/www.radiopresidenteibanez.cl\/web\/wp-json\/wp\/v2\/posts"}],"about":[{"href":"https:\/\/www.radiopresidenteibanez.cl\/web\/wp-json\/wp\/v2\/types\/post"}],"author":[{"embeddable":true,"href":"https:\/\/www.radiopresidenteibanez.cl\/web\/wp-json\/wp\/v2\/users\/2"}],"replies":[{"embeddable":true,"href":"https:\/\/www.radiopresidenteibanez.cl\/web\/wp-json\/wp\/v2\/comments?post=45237"}],"version-history":[{"count":0,"href":"https:\/\/www.radiopresidenteibanez.cl\/web\/wp-json\/wp\/v2\/posts\/45237\/revisions"}],"wp:featuredmedia":[{"embeddable":true,"href":"https:\/\/www.radiopresidenteibanez.cl\/web\/wp-json\/wp\/v2\/media\/45238"}],"wp:attachment":[{"href":"https:\/\/www.radiopresidenteibanez.cl\/web\/wp-json\/wp\/v2\/media?parent=45237"}],"wp:term":[{"taxonomy":"category","embeddable":true,"href":"https:\/\/www.radiopresidenteibanez.cl\/web\/wp-json\/wp\/v2\/categories?post=45237"},{"taxonomy":"post_tag","embeddable":true,"href":"https:\/\/www.radiopresidenteibanez.cl\/web\/wp-json\/wp\/v2\/tags?post=45237"}],"curies":[{"name":"wp","href":"https:\/\/api.w.org\/{rel}","templated":true}]}}