{"id":4522,"date":"2019-05-24T15:44:49","date_gmt":"2019-05-24T15:44:49","guid":{"rendered":"http:\/\/www.radiopresidenteibanez.cl\/web\/?p=4522"},"modified":"2019-05-24T16:10:09","modified_gmt":"2019-05-24T16:10:09","slug":"encuentran-cuerpo-del-geologo-desaparecido-en-el-sector-de-lago-grey-en-torres-del-paine","status":"publish","type":"post","link":"https:\/\/www.radiopresidenteibanez.cl\/web\/encuentran-cuerpo-del-geologo-desaparecido-en-el-sector-de-lago-grey-en-torres-del-paine\/","title":{"rendered":"ENCUENTRAN CUERPO DEL GE\u00d3LOGO DESAPARECIDO EN EL SECTOR DE LAGO GREY EN TORRES DEL PAINE"},"content":{"rendered":"\n<p>En horas de esta ma\u00f1ana, se dio a conocer que se encontr\u00f3 un cuerpo flotando en el sector del Lago Grey en Torres del Paine, el cual pertenece al Ge\u00f3logo Alem\u00e1n Rolf Kilian Wintermann.<\/p>\n\n\n\n<p>Hasta el lugar se esta trasladando el Fiscal de turno, para comenzar con las investigaciones correspondientes.<\/p>\n\n\n\n<figure class=\"wp-block-image\"><img loading=\"lazy\" decoding=\"async\" width=\"550\" height=\"413\" src=\"https:\/\/www.radiopresidenteibanez.cl\/web\/wp-content\/uploads\/2019\/05\/al-borde-del-lago.jpg\" alt=\"\" class=\"wp-image-4526\" srcset=\"https:\/\/www.radiopresidenteibanez.cl\/web\/wp-content\/uploads\/2019\/05\/al-borde-del-lago.jpg 550w, https:\/\/www.radiopresidenteibanez.cl\/web\/wp-content\/uploads\/2019\/05\/al-borde-del-lago-300x225.jpg 300w\" sizes=\"auto, (max-width: 550px) 100vw, 550px\" \/><\/figure>\n","protected":false},"excerpt":{"rendered":"<p>En horas de esta ma\u00f1ana, se dio a conocer que se encontr\u00f3 un cuerpo flotando en el sector del Lago Grey en Torres del Paine, el cual pertenece al Ge\u00f3logo&#8230; <a class=\"read-more\" href=\"https:\/\/www.radiopresidenteibanez.cl\/web\/encuentran-cuerpo-del-geologo-desaparecido-en-el-sector-de-lago-grey-en-torres-del-paine\/\">Leer m\u00e1s<\/a><\/p>\n","protected":false},"author":2,"featured_media":4526,"comment_status":"closed","ping_status":"closed","sticky":false,"template":"","format":"standard","meta":{"footnotes":""},"categories":[6],"tags":[],"class_list":["post-4522","post","type-post","status-publish","format-standard","has-post-thumbnail","hentry","category-policial"],"_links":{"self":[{"href":"https:\/\/www.radiopresidenteibanez.cl\/web\/wp-json\/wp\/v2\/posts\/4522","targetHints":{"allow":["GET"]}}],"collection":[{"href":"https:\/\/www.radiopresidenteibanez.cl\/web\/wp-json\/wp\/v2\/posts"}],"about":[{"href":"https:\/\/www.radiopresidenteibanez.cl\/web\/wp-json\/wp\/v2\/types\/post"}],"author":[{"embeddable":true,"href":"https:\/\/www.radiopresidenteibanez.cl\/web\/wp-json\/wp\/v2\/users\/2"}],"replies":[{"embeddable":true,"href":"https:\/\/www.radiopresidenteibanez.cl\/web\/wp-json\/wp\/v2\/comments?post=4522"}],"version-history":[{"count":0,"href":"https:\/\/www.radiopresidenteibanez.cl\/web\/wp-json\/wp\/v2\/posts\/4522\/revisions"}],"wp:featuredmedia":[{"embeddable":true,"href":"https:\/\/www.radiopresidenteibanez.cl\/web\/wp-json\/wp\/v2\/media\/4526"}],"wp:attachment":[{"href":"https:\/\/www.radiopresidenteibanez.cl\/web\/wp-json\/wp\/v2\/media?parent=4522"}],"wp:term":[{"taxonomy":"category","embeddable":true,"href":"https:\/\/www.radiopresidenteibanez.cl\/web\/wp-json\/wp\/v2\/categories?post=4522"},{"taxonomy":"post_tag","embeddable":true,"href":"https:\/\/www.radiopresidenteibanez.cl\/web\/wp-json\/wp\/v2\/tags?post=4522"}],"curies":[{"name":"wp","href":"https:\/\/api.w.org\/{rel}","templated":true}]}}