{"id":45217,"date":"2023-12-29T10:27:00","date_gmt":"2023-12-29T13:27:00","guid":{"rendered":"https:\/\/www.radiopresidenteibanez.cl\/web\/?p=45217"},"modified":"2023-12-29T08:31:46","modified_gmt":"2023-12-29T11:31:46","slug":"seremi-de-agricultura-destaca-participacion-de-jovenes-rurales-en-la-seguridad-alimentaria-regional","status":"publish","type":"post","link":"https:\/\/www.radiopresidenteibanez.cl\/web\/seremi-de-agricultura-destaca-participacion-de-jovenes-rurales-en-la-seguridad-alimentaria-regional\/","title":{"rendered":"SEREMI DE AGRICULTURA DESTACA PARTICIPACION DE JOVENES RURALES EN LA SEGURIDAD ALIMENTARIA REGIONAL"},"content":{"rendered":"\n<p>\u201cLa renovaci\u00f3n generacional en el campo es una necesidad que debe ir acompa\u00f1ada de buenas<br>pol\u00edticas p\u00fablicas que permitan a los j\u00f3venes desarrollarse en el campo y vean en ella, una<br>perspectiva de trabajo futuro\u201d.<br>As\u00ed lo expres\u00f3 la Seremi de Agricultura, Irene Ram\u00edrez, al hacer eco el llamado que realiz\u00f3 el<br>ministro de agricultura, Esteban Valenzuela, haciendo suyas las palabras del Presidente Boric<br>respecto de \u201ccombatir un problema que ocurre en todo el mundo y que es el envejecimiento de<br>las comunidades rurales\u201d. Revitalizar el mundo rural requiere que el Estado de Chile asegure<br>conectividad disminuyendo las brechas en todo lo referente a calidad de vida respecto de las<br>ciudades.<br>Hoy \u201cnecesitamos que las nuevas generaciones contribuyan a la soberan\u00eda y seguridad alimentaria<br>de la regi\u00f3n, aportando conocimiento en agroecolog\u00eda que brindan valor agregado a los productos<br>y respeto al entorno natural\u201d. Es lo que el consumidor chileno demanda y como ministerio de<br>agricultura, avizoramos la necesidad de otorgar las facilidades a los j\u00f3venes que hoy optan por<br>hacer de la agricultura su vida.<br>De esta forma el Programa de Inversiones j\u00f3venes sustentables a trav\u00e9s de INDAP en nuestra<br>regi\u00f3n de Magallanes ha ejecutado hasta noviembre de este a\u00f1o 2023 un Monto de $ 15.039.764,<br>para 10 usuarios j\u00f3venes de la regi\u00f3n. De igual forma se privilegi\u00f3 a los usuarios j\u00f3venes en la<br>ejecuci\u00f3n de todos los programas, durante este a\u00f1o 2023. A la fecha los usuarios j\u00f3venes<br>acreditados son 33 y estamos muy contentos de saber que se ejecutaron ocho proyectos por un<br>monto de $12.083.604 $3.500.000 se encuentran en un concurso abierto en la comuna de Cabo de<br>Hornos.<br>Los requisitos generales para acceder a este financiamiento es que se puede participar de manera<br>Individual o asociativa, usuarios\/as acreditadas\/os en INDAP que cumplan con las caracter\u00edsticas<br>de ser peque\u00f1a\/o productora\/r agr\u00edcola y campesina\/o joven (entre 18 a\u00f1os cumplidos y 36 a\u00f1os<br>al momento de postular), con o sin asesor\u00eda t\u00e9cnica de INDAP.<br>El porcentaje m\u00e1ximo del incentivo no reembolsable es de hasta el 70% del valor total bruto del<br>proyecto y pueden optar a un monto m\u00e1ximo de incentivo de hasta $2.500.000 y las inversiones a<br>financiar en este concurso especial, deben estar asociadas a los principios de agroecolog\u00eda y\/o<br>sustentabilidad. Adem\u00e1s, por concepto de asesor\u00eda por formulaci\u00f3n de proyecto pueden optar<br>hasta un 10% del incentivo del proyecto, con un monto m\u00e1ximo de incentivo de $200.000.<br>La Seremi de Agricultura igualmente destac\u00f3 las giras realizadas y cofinanciadas por los j\u00f3venes<br>rurales de Magallanes, realizadas durante este a\u00f1o a Santiago y la comuna de la Cruz, regi\u00f3n de<br>Valpara\u00edso; el encuentro nacional en Santiago de las mesas de j\u00f3venes rurales y visita a la expo<br>mundo rural y centro de distribuci\u00f3n de hortalizas como Lo Valledor; han sido todas experiencias<br>de aprendizaje que permite a los j\u00f3venes agricultores sentirse parte de una gran comunidad que<\/p>\n\n\n\n<p>alimentan a su pa\u00eds y que su trabajo es valioso para las futuras generaciones y necesario para el<br>d\u00eda de hoy.<\/p>\n","protected":false},"excerpt":{"rendered":"<p>\u201cLa renovaci\u00f3n generacional en el campo es una necesidad que debe ir acompa\u00f1ada de buenaspol\u00edticas p\u00fablicas que permitan a los j\u00f3venes desarrollarse en el campo y vean en ella, unaperspectiva&#8230; <a class=\"read-more\" href=\"https:\/\/www.radiopresidenteibanez.cl\/web\/seremi-de-agricultura-destaca-participacion-de-jovenes-rurales-en-la-seguridad-alimentaria-regional\/\">Leer m\u00e1s<\/a><\/p>\n","protected":false},"author":2,"featured_media":45218,"comment_status":"closed","ping_status":"closed","sticky":false,"template":"","format":"standard","meta":{"footnotes":""},"categories":[1],"tags":[],"class_list":["post-45217","post","type-post","status-publish","format-standard","has-post-thumbnail","hentry","category-cronica"],"_links":{"self":[{"href":"https:\/\/www.radiopresidenteibanez.cl\/web\/wp-json\/wp\/v2\/posts\/45217","targetHints":{"allow":["GET"]}}],"collection":[{"href":"https:\/\/www.radiopresidenteibanez.cl\/web\/wp-json\/wp\/v2\/posts"}],"about":[{"href":"https:\/\/www.radiopresidenteibanez.cl\/web\/wp-json\/wp\/v2\/types\/post"}],"author":[{"embeddable":true,"href":"https:\/\/www.radiopresidenteibanez.cl\/web\/wp-json\/wp\/v2\/users\/2"}],"replies":[{"embeddable":true,"href":"https:\/\/www.radiopresidenteibanez.cl\/web\/wp-json\/wp\/v2\/comments?post=45217"}],"version-history":[{"count":0,"href":"https:\/\/www.radiopresidenteibanez.cl\/web\/wp-json\/wp\/v2\/posts\/45217\/revisions"}],"wp:featuredmedia":[{"embeddable":true,"href":"https:\/\/www.radiopresidenteibanez.cl\/web\/wp-json\/wp\/v2\/media\/45218"}],"wp:attachment":[{"href":"https:\/\/www.radiopresidenteibanez.cl\/web\/wp-json\/wp\/v2\/media?parent=45217"}],"wp:term":[{"taxonomy":"category","embeddable":true,"href":"https:\/\/www.radiopresidenteibanez.cl\/web\/wp-json\/wp\/v2\/categories?post=45217"},{"taxonomy":"post_tag","embeddable":true,"href":"https:\/\/www.radiopresidenteibanez.cl\/web\/wp-json\/wp\/v2\/tags?post=45217"}],"curies":[{"name":"wp","href":"https:\/\/api.w.org\/{rel}","templated":true}]}}