{"id":45214,"date":"2023-12-29T09:26:00","date_gmt":"2023-12-29T12:26:00","guid":{"rendered":"https:\/\/www.radiopresidenteibanez.cl\/web\/?p=45214"},"modified":"2023-12-29T08:26:21","modified_gmt":"2023-12-29T11:26:21","slug":"a-veces-camino-solo-a-veces-en-soledad-a-naide-le-dije-nunca-como-me-gusta-marchar-canta-jose-larralde","status":"publish","type":"post","link":"https:\/\/www.radiopresidenteibanez.cl\/web\/a-veces-camino-solo-a-veces-en-soledad-a-naide-le-dije-nunca-como-me-gusta-marchar-canta-jose-larralde\/","title":{"rendered":"A veces camino solo a veces en soledad a naide le dije nunca como me gusta marchar..\u00bb canta Jose Larralde"},"content":{"rendered":"\n<p>El diccionario indica que genocidio es un \u00abexterminio o eliminaci\u00f3n sistem\u00e1tica de un grupo humano por motivo de raza, etnia, religi\u00f3n, pol\u00edtica o nacionalidad\u00bb, por lo que mas alla\u00b4de lo que digan autoridades de distintos pa\u00edses (que muy poco han dicho y en lo grueso justifican la matanza con su silencio salvo honrosas excepciones) y del silencio de los medios de comunicaci\u00f3n que controlan el mundo, lo que Israel est\u00e1 llevando a cabo en Gaza es un exterminio.<br>De la misma manera cuando se refieren al holocausto dicen que \u00ab..es el genocidio realizado por el r\u00e9gimen de la Alemania nazi contra los jud\u00edos\u00bb. Claramente lo que est\u00e1 haciendo Israel con los palestinos puede llamarse holocausto, pues los persigue, encarcela injustamente y los mata en forma salvaje, tal y como lo hicieron los nazis con los judios durtante la segunda guerra mundial.<br>\u00bfY entonces porque todos aquellos que condenaron en\u00e9rgicamente genocidios y holocaustos hoy guardan silencio, miran hacia el lado y se niegan a sancionar a Israel que est\u00e1 masacrando a todo un pueblo?<br>La inmoralidad llega a tal nivel que estos mismos pa\u00edses que guardan silencio, reprimen y restringen el derecho a expresarse a quienes se manifiestan a favor del pueblo palestino en las calles.<\/p>\n\n\n\n<p>2.- El casi total silenciamiento de los medios o bien las noticias dirigidas por el capital y que son proclives a Israel, mantienen al mundo desinformado, por lo que se hace necesario dar a conocer al menos algunos de los muchos antecedentes que logran burlar el cerco comunicacional.<br>Los muertos en la franja de Gaza por los israel\u00edes superan los 20.000 y dentro de este n\u00famero se incluye a 8.000 ni\u00f1os.<br>Adem\u00e1s se estima que unos 6.700 cuerpos permanecen atrapados bajo los escombros &#8211; el 70% civiles &#8211; lo que elevar\u00eda a\u00fan m\u00e1s el n\u00famero de muertos y hay m\u00e1s de 52.600 personas heridas.<br>Debido a los bombardeos han quedado fuera de servicio 23 hospitales y 140 centros de salud, adem\u00e1s de 102 ambulancias.<br>Se destruyeron 126 sedes gubernamentales, 90 escuelas y universidades han quedado completamente fuera de servicio, 283 centros de ense\u00f1anza parcialmente da\u00f1ados y m\u00e1s de 300 mezquitas y 3 iglesias han sido total o parcialmente destruidas. Las bombas destruyeron 53.000 unidades residenciales y 255.000 est\u00e1n parcialmente destruidas.<br>Esos son los n\u00fameros que consigna la agencia EFE y es lo que nos demanda a seguir exigiendo justicia para Palestina<\/p>\n","protected":false},"excerpt":{"rendered":"<p>El diccionario indica que genocidio es un \u00abexterminio o eliminaci\u00f3n sistem\u00e1tica de un grupo humano por motivo de raza, etnia, religi\u00f3n, pol\u00edtica o nacionalidad\u00bb, por lo que mas alla\u00b4de lo&#8230; <a class=\"read-more\" href=\"https:\/\/www.radiopresidenteibanez.cl\/web\/a-veces-camino-solo-a-veces-en-soledad-a-naide-le-dije-nunca-como-me-gusta-marchar-canta-jose-larralde\/\">Leer m\u00e1s<\/a><\/p>\n","protected":false},"author":2,"featured_media":45215,"comment_status":"closed","ping_status":"closed","sticky":false,"template":"","format":"standard","meta":{"footnotes":""},"categories":[1],"tags":[],"class_list":["post-45214","post","type-post","status-publish","format-standard","has-post-thumbnail","hentry","category-cronica"],"_links":{"self":[{"href":"https:\/\/www.radiopresidenteibanez.cl\/web\/wp-json\/wp\/v2\/posts\/45214","targetHints":{"allow":["GET"]}}],"collection":[{"href":"https:\/\/www.radiopresidenteibanez.cl\/web\/wp-json\/wp\/v2\/posts"}],"about":[{"href":"https:\/\/www.radiopresidenteibanez.cl\/web\/wp-json\/wp\/v2\/types\/post"}],"author":[{"embeddable":true,"href":"https:\/\/www.radiopresidenteibanez.cl\/web\/wp-json\/wp\/v2\/users\/2"}],"replies":[{"embeddable":true,"href":"https:\/\/www.radiopresidenteibanez.cl\/web\/wp-json\/wp\/v2\/comments?post=45214"}],"version-history":[{"count":0,"href":"https:\/\/www.radiopresidenteibanez.cl\/web\/wp-json\/wp\/v2\/posts\/45214\/revisions"}],"wp:featuredmedia":[{"embeddable":true,"href":"https:\/\/www.radiopresidenteibanez.cl\/web\/wp-json\/wp\/v2\/media\/45215"}],"wp:attachment":[{"href":"https:\/\/www.radiopresidenteibanez.cl\/web\/wp-json\/wp\/v2\/media?parent=45214"}],"wp:term":[{"taxonomy":"category","embeddable":true,"href":"https:\/\/www.radiopresidenteibanez.cl\/web\/wp-json\/wp\/v2\/categories?post=45214"},{"taxonomy":"post_tag","embeddable":true,"href":"https:\/\/www.radiopresidenteibanez.cl\/web\/wp-json\/wp\/v2\/tags?post=45214"}],"curies":[{"name":"wp","href":"https:\/\/api.w.org\/{rel}","templated":true}]}}