{"id":45209,"date":"2023-12-29T08:19:13","date_gmt":"2023-12-29T11:19:13","guid":{"rendered":"https:\/\/www.radiopresidenteibanez.cl\/web\/?p=45209"},"modified":"2023-12-29T08:19:22","modified_gmt":"2023-12-29T11:19:22","slug":"comienza-proceso-de-licitacion-para-disenar-edificio-del-centro-de-control-de-transito-de-punta-arenas","status":"publish","type":"post","link":"https:\/\/www.radiopresidenteibanez.cl\/web\/comienza-proceso-de-licitacion-para-disenar-edificio-del-centro-de-control-de-transito-de-punta-arenas\/","title":{"rendered":"COMIENZA PROCESO DE LICITACION PARA DISE\u00d1AR EDIFICIO DEL CENTRO DE CONTROL DE TRANSITO DE PUNTA ARENAS"},"content":{"rendered":"\n<p>\u201cA partir del 20 de diciembre se encuentran publicadas en el<br>portal Mercado P\u00fablico las bases de licitaci\u00f3n para el dise\u00f1o de ingenier\u00eda del Centro de Control de<br>Tr\u00e1nsito regional, que se emplazar\u00e1 en calle El Ovejero de la ciudad de Punta Arenas\u201d, inform\u00f3 el<br>seremi de Transportes y Telecomunicaciones, Rodrigo Hern\u00e1ndez Navarro.<br>Seg\u00fan se\u00f1al\u00f3, la elaboraci\u00f3n del proyecto de arquitectura debe contemplar los planos de<br>emplazamiento, plantas, esquemas del recinto, planos de elevaciones, cubiertas, detalles<br>constructivos, pavimentaci\u00f3n, paisajismo y urbanizaci\u00f3n, estudio de mec\u00e1nica de suelo, entre otros.<br>Adem\u00e1s, la propuesta de construcci\u00f3n deber\u00e1 cumplir con un alto est\u00e1ndar de eficiencia energ\u00e9tica,<br>accesos universales, \u00e1reas verdes y destacarse por un alto modelo tecnol\u00f3gico y de seguridad de<br>acuerdo con la normativa vigente.<br>En cuanto a lo arquitect\u00f3nico se busca que el estilo contemple el sello propio e identitario de la zona,<br>no s\u00f3lo en el dise\u00f1o sino tambi\u00e9n en lo ambiental. \u201cLa expresi\u00f3n del edificio propuesto debe rescatar<br>algunos valores propios de la arquitectura magall\u00e1nica y sus materiales, como son el uso de las<br>maderas, revestimientos exteriores de calamina y relevancia de los techos\u201d, se\u00f1al\u00f3 el secretario<br>regional.<br>A su vez, el anteproyecto ha de tener especial consideraci\u00f3n con el factor clim\u00e1tico, proponiendo<br>superficies vidriadas hacia el norte y oriente para captar la luminosidad solar, fachadas ventiladas,<br>materiales adecuados para un comportamiento t\u00e9rmico eficiente, adem\u00e1s de un emplazamiento que<br>evite la excesiva exposici\u00f3n al viento.<br>La implementaci\u00f3n del Sistema Control Autom\u00e1tico de Tr\u00e1nsito SCAT y la Unidad Operativa de<br>Control de Tr\u00e1nsito UOCT, iniciar\u00e1 un trabajo sistem\u00e1tico y progresivo de ordenamiento y seguridad<br>vial en la capital regional.<br>\u201cEl contar con una gesti\u00f3n de tr\u00e1nsito automatizada, libera a Carabineros de la tarea de dirigir el<br>tr\u00e1nsito y reduce los gastos por ahorro de energ\u00eda en la comuna al presentar la tecnolog\u00eda LED un<br>80% menos de consumo\u201d, indic\u00f3 Hern\u00e1ndez. Adem\u00e1s, aumenta la seguridad en las v\u00edas, la ocurrencia<br>de siniestros y la emisi\u00f3n de contaminantes de fuentes m\u00f3viles, al disminuir la congesti\u00f3n vehicular.<br>La de Punta Arenas, ser\u00e1 la Unidad Operativa de Control de Tr\u00e1nsito m\u00e1s moderna de Chile en cuanto<br>a infraestructura y tecnolog\u00eda, sistema que entregar\u00e1 informaci\u00f3n oportuna sobre fallas en los<br>sem\u00e1foros y apoyo t\u00e9cnico para nuevos proyectos de semaforizaci\u00f3n.<br>La licitaci\u00f3n, que se encuentra bajo el ID 2916-5-LP23, tiene como fecha de cierre para la recepci\u00f3n<br>de ofertas es el 01 de febrero y se espera que la adjudicaci\u00f3n del contrato se concrete durante el<br>primer trimestre del 2024. El presupuesto m\u00e1ximo asignado es del orden de los $67 millones de<br>pesos y es financiado por el Programa Unidad Operativa de Control de Tr\u00e1nsito de la Subsecretar\u00eda<br>de Transportes.<\/p>\n","protected":false},"excerpt":{"rendered":"<p>\u201cA partir del 20 de diciembre se encuentran publicadas en elportal Mercado P\u00fablico las bases de licitaci\u00f3n para el dise\u00f1o de ingenier\u00eda del Centro de Control deTr\u00e1nsito regional, que se&#8230; <a class=\"read-more\" href=\"https:\/\/www.radiopresidenteibanez.cl\/web\/comienza-proceso-de-licitacion-para-disenar-edificio-del-centro-de-control-de-transito-de-punta-arenas\/\">Leer m\u00e1s<\/a><\/p>\n","protected":false},"author":2,"featured_media":45210,"comment_status":"closed","ping_status":"closed","sticky":false,"template":"","format":"standard","meta":{"footnotes":""},"categories":[1],"tags":[],"class_list":["post-45209","post","type-post","status-publish","format-standard","has-post-thumbnail","hentry","category-cronica"],"_links":{"self":[{"href":"https:\/\/www.radiopresidenteibanez.cl\/web\/wp-json\/wp\/v2\/posts\/45209","targetHints":{"allow":["GET"]}}],"collection":[{"href":"https:\/\/www.radiopresidenteibanez.cl\/web\/wp-json\/wp\/v2\/posts"}],"about":[{"href":"https:\/\/www.radiopresidenteibanez.cl\/web\/wp-json\/wp\/v2\/types\/post"}],"author":[{"embeddable":true,"href":"https:\/\/www.radiopresidenteibanez.cl\/web\/wp-json\/wp\/v2\/users\/2"}],"replies":[{"embeddable":true,"href":"https:\/\/www.radiopresidenteibanez.cl\/web\/wp-json\/wp\/v2\/comments?post=45209"}],"version-history":[{"count":0,"href":"https:\/\/www.radiopresidenteibanez.cl\/web\/wp-json\/wp\/v2\/posts\/45209\/revisions"}],"wp:featuredmedia":[{"embeddable":true,"href":"https:\/\/www.radiopresidenteibanez.cl\/web\/wp-json\/wp\/v2\/media\/45210"}],"wp:attachment":[{"href":"https:\/\/www.radiopresidenteibanez.cl\/web\/wp-json\/wp\/v2\/media?parent=45209"}],"wp:term":[{"taxonomy":"category","embeddable":true,"href":"https:\/\/www.radiopresidenteibanez.cl\/web\/wp-json\/wp\/v2\/categories?post=45209"},{"taxonomy":"post_tag","embeddable":true,"href":"https:\/\/www.radiopresidenteibanez.cl\/web\/wp-json\/wp\/v2\/tags?post=45209"}],"curies":[{"name":"wp","href":"https:\/\/api.w.org\/{rel}","templated":true}]}}