{"id":45201,"date":"2023-12-28T16:36:00","date_gmt":"2023-12-28T19:36:00","guid":{"rendered":"https:\/\/www.radiopresidenteibanez.cl\/web\/?p=45201"},"modified":"2023-12-28T11:39:36","modified_gmt":"2023-12-28T14:39:36","slug":"capacitan-a-la-comunidad-para-responder-a-emergencias-y-catastrofes","status":"publish","type":"post","link":"https:\/\/www.radiopresidenteibanez.cl\/web\/capacitan-a-la-comunidad-para-responder-a-emergencias-y-catastrofes\/","title":{"rendered":"CAPACITAN A LA COMUNIDAD PARA RESPONDER A EMERGENCIAS Y CATASTROFES"},"content":{"rendered":"\n<p>En la sede de la Junta de Vecinos Nelda Panicucci se desarroll\u00f3, durante tres jornadas, el curso b\u00e1sico denominado \u201cEquipo Comunitario de Respuesta a Emergencias \u2013 CERT\u201d, programa de capacitaci\u00f3n y entrenamiento b\u00e1sico de equipos comunitarios que propicia la prevenci\u00f3n, preparaci\u00f3n y respuesta de la comunidad frente a la ocurrencia de emergencias y desastres. <em><\/em><\/p>\n\n\n\n<p>Fueron 30 los participantes que incluy\u00f3 a la comunidad educativa y de la salud del sector, a Bomberos y al Comit\u00e9 de Emergencia de la poblaci\u00f3n.<\/p>\n\n\n\n<p>Parte de las materias abordadas se relacionaron con la seguridad en incendios&nbsp; y control de los servicios b\u00e1sicos, primeros auxilios, primera ayuda psicol\u00f3gica, operaciones b\u00e1sicas de b\u00fasqueda y rescate y la organizaci\u00f3n del equipo.<\/p>\n\n\n\n<p>Los contenidos de este curso, certificado por SENAPRED y FEMA (Agencia Federal para el Manejo de Emergencias), fueron entregados a trav\u00e9s de talleres y ejercicios pr\u00e1cticos, y finaliz\u00f3 con la entrega de mochilas de emergencia con herramientas b\u00e1sicas para manejar situaciones de complejidad.<\/p>\n\n\n\n<p>El director de SENAPRED, Juan Carlos Andrades Careaga, se\u00f1al\u00f3 que: \u201cse ha demostrado que ante desastres y cat\u00e1strofes las personas tienen el \u00edmpetu de ayudarse entre ellos, de hecho, las experiencias demuestran que los vecinos se apoyan incluso sin tener los conocimientos ni herramientas necesarias para responder a eventos destructivos, y eso ha generado la necesidad de preparar a la comunidad, entregarles las competencias necesarias y b\u00e1sicas para responder\u201d.<\/p>\n\n\n\n<p>Por su parte, el director regional del FOSIS, Felipe Jeria Palma, destac\u00f3 que esta actividad responde a un convenio nacional entre ambas entidades. \u201cEsto viene a complementar el trabajo que estuvimos desarrollando en el marco del programa Acci\u00f3n Local, y que era una de las demandas que ten\u00edan los vecinos y vecinas del sector para verse m\u00e1s empoderados frente a eventuales situaciones de emergencia en las que se requiera un primer auxilio o una primera respuesta desde la comunidad de la poblaci\u00f3n\u201d.<\/p>\n","protected":false},"excerpt":{"rendered":"<p>En la sede de la Junta de Vecinos Nelda Panicucci se desarroll\u00f3, durante tres jornadas, el curso b\u00e1sico denominado \u201cEquipo Comunitario de Respuesta a Emergencias \u2013 CERT\u201d, programa de capacitaci\u00f3n&#8230; <a class=\"read-more\" href=\"https:\/\/www.radiopresidenteibanez.cl\/web\/capacitan-a-la-comunidad-para-responder-a-emergencias-y-catastrofes\/\">Leer m\u00e1s<\/a><\/p>\n","protected":false},"author":2,"featured_media":45202,"comment_status":"closed","ping_status":"closed","sticky":false,"template":"","format":"standard","meta":{"footnotes":""},"categories":[1],"tags":[],"class_list":["post-45201","post","type-post","status-publish","format-standard","has-post-thumbnail","hentry","category-cronica"],"_links":{"self":[{"href":"https:\/\/www.radiopresidenteibanez.cl\/web\/wp-json\/wp\/v2\/posts\/45201","targetHints":{"allow":["GET"]}}],"collection":[{"href":"https:\/\/www.radiopresidenteibanez.cl\/web\/wp-json\/wp\/v2\/posts"}],"about":[{"href":"https:\/\/www.radiopresidenteibanez.cl\/web\/wp-json\/wp\/v2\/types\/post"}],"author":[{"embeddable":true,"href":"https:\/\/www.radiopresidenteibanez.cl\/web\/wp-json\/wp\/v2\/users\/2"}],"replies":[{"embeddable":true,"href":"https:\/\/www.radiopresidenteibanez.cl\/web\/wp-json\/wp\/v2\/comments?post=45201"}],"version-history":[{"count":0,"href":"https:\/\/www.radiopresidenteibanez.cl\/web\/wp-json\/wp\/v2\/posts\/45201\/revisions"}],"wp:featuredmedia":[{"embeddable":true,"href":"https:\/\/www.radiopresidenteibanez.cl\/web\/wp-json\/wp\/v2\/media\/45202"}],"wp:attachment":[{"href":"https:\/\/www.radiopresidenteibanez.cl\/web\/wp-json\/wp\/v2\/media?parent=45201"}],"wp:term":[{"taxonomy":"category","embeddable":true,"href":"https:\/\/www.radiopresidenteibanez.cl\/web\/wp-json\/wp\/v2\/categories?post=45201"},{"taxonomy":"post_tag","embeddable":true,"href":"https:\/\/www.radiopresidenteibanez.cl\/web\/wp-json\/wp\/v2\/tags?post=45201"}],"curies":[{"name":"wp","href":"https:\/\/api.w.org\/{rel}","templated":true}]}}