{"id":452,"date":"2019-01-14T18:19:53","date_gmt":"2019-01-14T18:19:53","guid":{"rendered":"http:\/\/www.radiopresidenteibanez.cl\/web\/?p=452"},"modified":"2019-01-14T18:20:00","modified_gmt":"2019-01-14T18:20:00","slug":"pdi-desbarata-banda-criminal-en-porvenir-en-operacion-cisne-negro-austral","status":"publish","type":"post","link":"https:\/\/www.radiopresidenteibanez.cl\/web\/pdi-desbarata-banda-criminal-en-porvenir-en-operacion-cisne-negro-austral\/","title":{"rendered":"PDI DESBARATA BANDA CRIMINAL EN PORVENIR EN OPERACI\u00d3N \u201cCISNE NEGRO AUSTRAL\u201d"},"content":{"rendered":"\n<p>El equipo Microtr\u00e1fico Cero (MT-0) de\nla Brigada Antinarc\u00f3ticos y Contra el Crimen Organizado Punta Arenas logr\u00f3 desbaratar\nuna banda criminal compuesta por un clan familiar que se dedicaba al trafico de\ndrogas en peque\u00f1as cantidades en Porvenir, Tierra del Fuego. Los detectives detuvieron\na cuatro sujetos, -dos hermanos oriundos de Iquique con antecedentes policiales-\ny a sus respectivas parejas. <\/p>\n\n\n\n<p>Fue el viernes en el marco de la\noperaci\u00f3n \u201cCisne Negro Austral\u201d cuando los detectives detuvieron a uno de los l\u00edderes\nde la banda con 138 gramos de clorhidrato de coca\u00edna en el sector de Tres\nPuentes en Punta Arenas, minutos antes de que viajara a Tierra del Fuego. <\/p>\n\n\n\n<p>En Porvenir, en los domicilios de los\nhermanos iquique\u00f1os, detuvieron a dos mujeres y un hombre e incautaron 69,8\ngramos de cannabis sativa y 16 plantas en estado de crecimiento, de entre 60\ncent\u00edmetros y un metro y medio. Tambi\u00e9n incautaron dinero en efectivo,\ncelulares, balanzas y frascos donde dosificaban y comercializaban la droga. <\/p>\n\n\n\n<p>El comisario Patricio Flores, jefe de\nla Brigada Antinarc\u00f3ticos y Contra el Crimen Organizado Punta Arenas, se\u00f1al\u00f3\nque se trata de una desarticulaci\u00f3n in\u00e9dita en la capital de Tierra del Fuego.\n\u201cLa banda criminal distribu\u00eda y ten\u00eda pr\u00e1cticamente el monopolio en Porvenir\ndel clorhidrato de coca\u00edna y la cannabis sativa. La investigaci\u00f3n lleva cerca\nde dos meses y radica por la denuncia de los mismos ciudadanos\u201d, indic\u00f3. <\/p>\n\n\n\n<p>Este lunes tres de los cuatro\ndetenidos ser\u00e1n formalizados en Porvenir, mientras que una mujer fue dejada en\nlibertad y en espera a ser citada por el Tribunal.<\/p>\n","protected":false},"excerpt":{"rendered":"<p>El equipo Microtr\u00e1fico Cero (MT-0) de la Brigada Antinarc\u00f3ticos y Contra el Crimen Organizado Punta Arenas logr\u00f3 desbaratar una banda criminal compuesta por un clan familiar que se dedicaba al&#8230; <a class=\"read-more\" href=\"https:\/\/www.radiopresidenteibanez.cl\/web\/pdi-desbarata-banda-criminal-en-porvenir-en-operacion-cisne-negro-austral\/\">Leer m\u00e1s<\/a><\/p>\n","protected":false},"author":2,"featured_media":453,"comment_status":"closed","ping_status":"closed","sticky":false,"template":"","format":"standard","meta":{"footnotes":""},"categories":[1],"tags":[],"class_list":["post-452","post","type-post","status-publish","format-standard","has-post-thumbnail","hentry","category-cronica"],"_links":{"self":[{"href":"https:\/\/www.radiopresidenteibanez.cl\/web\/wp-json\/wp\/v2\/posts\/452","targetHints":{"allow":["GET"]}}],"collection":[{"href":"https:\/\/www.radiopresidenteibanez.cl\/web\/wp-json\/wp\/v2\/posts"}],"about":[{"href":"https:\/\/www.radiopresidenteibanez.cl\/web\/wp-json\/wp\/v2\/types\/post"}],"author":[{"embeddable":true,"href":"https:\/\/www.radiopresidenteibanez.cl\/web\/wp-json\/wp\/v2\/users\/2"}],"replies":[{"embeddable":true,"href":"https:\/\/www.radiopresidenteibanez.cl\/web\/wp-json\/wp\/v2\/comments?post=452"}],"version-history":[{"count":0,"href":"https:\/\/www.radiopresidenteibanez.cl\/web\/wp-json\/wp\/v2\/posts\/452\/revisions"}],"wp:featuredmedia":[{"embeddable":true,"href":"https:\/\/www.radiopresidenteibanez.cl\/web\/wp-json\/wp\/v2\/media\/453"}],"wp:attachment":[{"href":"https:\/\/www.radiopresidenteibanez.cl\/web\/wp-json\/wp\/v2\/media?parent=452"}],"wp:term":[{"taxonomy":"category","embeddable":true,"href":"https:\/\/www.radiopresidenteibanez.cl\/web\/wp-json\/wp\/v2\/categories?post=452"},{"taxonomy":"post_tag","embeddable":true,"href":"https:\/\/www.radiopresidenteibanez.cl\/web\/wp-json\/wp\/v2\/tags?post=452"}],"curies":[{"name":"wp","href":"https:\/\/api.w.org\/{rel}","templated":true}]}}